{"id":731214,"date":"2015-07-31T11:28:24","date_gmt":"2015-07-31T09:28:24","guid":{"rendered":"https:\/\/dailynewshungary.com\/it\/il-sindaco-di-budapest-promette-un-piano-dazione-sulla-gestione-dei-migranti\/"},"modified":"2015-07-31T11:28:24","modified_gmt":"2015-07-31T09:28:24","slug":"il-sindaco-di-budapest-promette-un-piano-dazione-sulla-gestione-dei-migranti","status":"publish","type":"post","link":"https:\/\/dailynewshungary.com\/it\/il-sindaco-di-budapest-promette-un-piano-dazione-sulla-gestione-dei-migranti\/","title":{"rendered":"Il sindaco di Budapest promette un piano d\u2019azione sulla gestione dei migranti"},"content":{"rendered":"<p><strong>Budapest, 1 luglio (MTI) 3 Il consiglio comunale di Budapest sta preparando un piano d&#8217;azione per gestire le migliaia di migranti che arrivano in citt\u00e0 ogni giorno, ha detto venerd\u00ec il quotidiano Magyar Nemzet.<\/strong><\/p>\n<p>Il sindaco di Budapest Istvan Tarlos ha dichiarato al giornale che il problema pi\u00f9 serio \u00e8 la situazione sanitaria che si \u00e8 sviluppata nelle strade, nei sottopassi e nei parchi, esercitando una maggiore pressione sulla societ\u00e0 di manutenzione delle aree pubbliche di Budapest, sulla polizia e sulle societ\u00e0 di servizi pubblici.<\/p>\n<p>Il piano d&#8217;azione dovrebbe essere pronto entro poche settimane specificando compiti dettagliati per queste autorit\u00e0 Sono gi\u00e0 iniziati i colloqui di coordinamento tra il ministero degli interni, l&#8217;autorit\u00e0 di gestione delle catastrofi e la direzione di polizia del consiglio comunale di Budapest, ha detto Tarlos.<\/p>\n<p>Ha aggiunto di aver convocato una riunione dell&#8217;assemblea generale di Budapest il prima possibile, il 2 settembre, e che la questione della gestione dei migranti illegali sar\u00e0 un punto separato nell&#8217;ordine del giorno della riunione.<\/p>\n<p><em>Foto: Notizie quotidiane Ungheria<\/em><\/p>\n","protected":false},"excerpt":{"rendered":"<p>Budapest, 1 luglio (MTI) 3 Il consiglio comunale di Budapest sta preparando un piano d&#8217;azione per gestire le migliaia di migranti che arrivano in citt\u00e0 ogni giorno, ha detto venerd\u00ec il quotidiano Magyar Nemzet. Il sindaco di Budapest Istvan Tarlos ha dichiarato al giornale che il problema pi\u00f9 serio \u00e8 la situazione sanitaria che si [&hellip;]<\/p>\n","protected":false},"author":2,"featured_media":731215,"comment_status":"open","ping_status":"open","sticky":false,"template":"","format":"standard","meta":{"_display_image":"","footnotes":""},"categories":[1185],"tags":[1158,1291],"class_list":["post-731214","post","type-post","status-publish","format-standard","has-post-thumbnail","hentry","category-politica-in-ungheria","tag-budapest","tag-migrazione"],"blocksy_meta":[],"author_username":"alk","telegram_post":"","public_post_metadata":{"breaking_news":"","important":"","csempe":"","center_tile":"","disable_thumbnail":"","target_lang":"","_featured_image_style":"","telegram_post":"","_xlat_group_id":""},"public_rank_math_data":{"title":"%titolo% %sep% %nomesito%","description":"","focus_keyword":"","canonical_url":"","robots":"","primary_category":"1185","breadcrumb_title":"","facebook_title":"","facebook_description":"","facebook_image":"","facebook_image_id":"","twitter_title":"","twitter_description":"","twitter_image":"","twitter_image_id":"","twitter_card_type":"","twitter_use_facebook":"","advanced_robots":"","pillar_content":"","seo_score":"","contentai_score":"","rich_snippet":""},"_links":{"self":[{"href":"https:\/\/dailynewshungary.com\/it\/wp-json\/wp\/v2\/posts\/731214","targetHints":{"allow":["GET"]}}],"collection":[{"href":"https:\/\/dailynewshungary.com\/it\/wp-json\/wp\/v2\/posts"}],"about":[{"href":"https:\/\/dailynewshungary.com\/it\/wp-json\/wp\/v2\/types\/post"}],"author":[{"embeddable":true,"href":"https:\/\/dailynewshungary.com\/it\/wp-json\/wp\/v2\/users\/2"}],"replies":[{"embeddable":true,"href":"https:\/\/dailynewshungary.com\/it\/wp-json\/wp\/v2\/comments?post=731214"}],"version-history":[{"count":0,"href":"https:\/\/dailynewshungary.com\/it\/wp-json\/wp\/v2\/posts\/731214\/revisions"}],"wp:featuredmedia":[{"embeddable":true,"href":"https:\/\/dailynewshungary.com\/it\/wp-json\/wp\/v2\/media\/731215"}],"wp:attachment":[{"href":"https:\/\/dailynewshungary.com\/it\/wp-json\/wp\/v2\/media?parent=731214"}],"wp:term":[{"taxonomy":"category","embeddable":true,"href":"https:\/\/dailynewshungary.com\/it\/wp-json\/wp\/v2\/categories?post=731214"},{"taxonomy":"post_tag","embeddable":true,"href":"https:\/\/dailynewshungary.com\/it\/wp-json\/wp\/v2\/tags?post=731214"}],"curies":[{"name":"wp","href":"https:\/\/api.w.org\/{rel}","templated":true}]}}