{"id":731271,"date":"2015-07-28T14:00:22","date_gmt":"2015-07-28T12:00:22","guid":{"rendered":"https:\/\/dailynewshungary.com\/it\/governo-recinzione-di-confine-dovrebbe-fermare-250-300-000-migranti\/"},"modified":"2015-07-28T14:00:22","modified_gmt":"2015-07-28T12:00:22","slug":"governo-recinzione-di-confine-dovrebbe-fermare-250-300-000-migranti","status":"publish","type":"post","link":"https:\/\/dailynewshungary.com\/it\/governo-recinzione-di-confine-dovrebbe-fermare-250-300-000-migranti\/","title":{"rendered":"Governo: recinzione di confine dovrebbe fermare 250-300.000 migranti"},"content":{"rendered":"<p><strong>Budapest, 2 luglio (MTI) 2 Come molti come 250-300.000 migranti potrebbero entrare in Ungheria entro la fine di quest&#8217;anno se la recinzione di confine non sono stati costruiti sul confine meridionale dell&#8217;Ungheria con la Serbia, portavoce del governo Zoltan Kovacs ha detto marted\u00ec.<\/strong><\/p>\n<p>Oltre 95.000 persone hanno attraversato illegalmente il confine entro lo scorso fine settimana e il sigillo temporaneo sul confine potrebbe essere un modo efficace per gestire questa \u201cflux\u201d, ha detto Kovacs al canale di notizie pubbliche M1.<\/p>\n<p>Commentando l&#8217;opposizione, il Partito Socialista sostiene che la consultazione nazionale sull&#8217;immigrazione \u00e8 stata un fallimento perch\u00e9 solo il 12-13% degli elettori ha restituito i questionari, il portavoce ha detto che si tratta ancora del 5-6% in pi\u00f9 di\u201d rispetto al numero di sostenitori socialisti secondo i recenti sondaggi. Le oltre 1 milione di persone che hanno restituito i questionari rappresentavano un campione di \u201c\u201d fortemente rappresentativo che mostrava cosa pensano gli ungheresi dell&#8217;immigrazione clandestina, ha detto.<\/p>\n<p>Molte delle dichiarazioni con cui la stragrande maggioranza degli intervistati ha espresso accordo si sono rivelate vere e da allora la situazione \u00e8 addirittura peggiorata, quindi il governo \u00e8 costretto a compiere ulteriori passi, ha detto Kovacs.<\/p>\n<p><em>Foto: MTI<\/em><\/p>\n","protected":false},"excerpt":{"rendered":"<p>Budapest, 2 luglio (MTI) 2 Come molti come 250-300.000 migranti potrebbero entrare in Ungheria entro la fine di quest&#8217;anno se la recinzione di confine non sono stati costruiti sul confine meridionale dell&#8217;Ungheria con la Serbia, portavoce del governo Zoltan Kovacs ha detto marted\u00ec. Oltre 95.000 persone hanno attraversato illegalmente il confine entro lo scorso fine [&hellip;]<\/p>\n","protected":false},"author":2,"featured_media":731272,"comment_status":"open","ping_status":"open","sticky":false,"template":"","format":"standard","meta":{"_display_image":"","footnotes":""},"categories":[1185],"tags":[1291],"class_list":["post-731271","post","type-post","status-publish","format-standard","has-post-thumbnail","hentry","category-politica-in-ungheria","tag-migrazione"],"blocksy_meta":[],"author_username":"alk","telegram_post":"","public_post_metadata":{"breaking_news":"","important":"","csempe":"","center_tile":"","disable_thumbnail":"","target_lang":"","_featured_image_style":"","telegram_post":"","_xlat_group_id":""},"public_rank_math_data":{"title":"%titolo% %sep% %nomesito%","description":"","focus_keyword":"","canonical_url":"","robots":"","primary_category":"1185","breadcrumb_title":"","facebook_title":"","facebook_description":"","facebook_image":"","facebook_image_id":"","twitter_title":"","twitter_description":"","twitter_image":"","twitter_image_id":"","twitter_card_type":"","twitter_use_facebook":"","advanced_robots":"","pillar_content":"","seo_score":"","contentai_score":"","rich_snippet":""},"_links":{"self":[{"href":"https:\/\/dailynewshungary.com\/it\/wp-json\/wp\/v2\/posts\/731271","targetHints":{"allow":["GET"]}}],"collection":[{"href":"https:\/\/dailynewshungary.com\/it\/wp-json\/wp\/v2\/posts"}],"about":[{"href":"https:\/\/dailynewshungary.com\/it\/wp-json\/wp\/v2\/types\/post"}],"author":[{"embeddable":true,"href":"https:\/\/dailynewshungary.com\/it\/wp-json\/wp\/v2\/users\/2"}],"replies":[{"embeddable":true,"href":"https:\/\/dailynewshungary.com\/it\/wp-json\/wp\/v2\/comments?post=731271"}],"version-history":[{"count":0,"href":"https:\/\/dailynewshungary.com\/it\/wp-json\/wp\/v2\/posts\/731271\/revisions"}],"wp:featuredmedia":[{"embeddable":true,"href":"https:\/\/dailynewshungary.com\/it\/wp-json\/wp\/v2\/media\/731272"}],"wp:attachment":[{"href":"https:\/\/dailynewshungary.com\/it\/wp-json\/wp\/v2\/media?parent=731271"}],"wp:term":[{"taxonomy":"category","embeddable":true,"href":"https:\/\/dailynewshungary.com\/it\/wp-json\/wp\/v2\/categories?post=731271"},{"taxonomy":"post_tag","embeddable":true,"href":"https:\/\/dailynewshungary.com\/it\/wp-json\/wp\/v2\/tags?post=731271"}],"curies":[{"name":"wp","href":"https:\/\/api.w.org\/{rel}","templated":true}]}}