{"id":731285,"date":"2015-07-27T21:20:36","date_gmt":"2015-07-27T19:20:36","guid":{"rendered":"https:\/\/dailynewshungary.com\/it\/la-maggior-parte-degli-ungheresi-sostiene-regole-migratorie-piu-severe-afferma-il-governo-spox-update\/"},"modified":"2015-07-27T21:20:36","modified_gmt":"2015-07-27T19:20:36","slug":"la-maggior-parte-degli-ungheresi-sostiene-regole-migratorie-piu-severe-afferma-il-governo-spox-update","status":"publish","type":"post","link":"https:\/\/dailynewshungary.com\/it\/la-maggior-parte-degli-ungheresi-sostiene-regole-migratorie-piu-severe-afferma-il-governo-spox-update\/","title":{"rendered":"La maggior parte degli ungheresi sostiene regole migratorie pi\u00f9 severe, afferma il governo spox UPDATE"},"content":{"rendered":"<p><strong>Budapest, 7 luglio (MTI) 2 La stragrande maggioranza degli ungheresi che hanno restituito il questionario del governo sulla migrazione ha affermato che sono necessarie norme pi\u00f9 severe sia a livello nazionale che europeo per arginare il flusso di migranti illegali in Ungheria, ha detto il portavoce del governo Zoltan Kovacs. Luned\u00ec.<\/strong><\/p>\n<p>Un numero trascurabile di intervistati non \u00e8 d&#8217;accordo con le dichiarazioni contenute nel questionario, ha detto Kovacs in una conferenza stampa.<\/p>\n<p>Il portavoce ha detto che il 70% degli intervistati considera la diffusione del terrorismo una tendenza con un impatto sulla propria vita, con il 25% incerto e il 3,6% che afferma di non considerarla importante. Kovacs ha detto che il 39,3% degli intervistati ritiene che ci sia una possibilit\u00e0 di \u201cseria\u201d per un attacco terroristico sul suolo ungherese, mentre il 56% ha affermato che si tratta di \u201cpossible\u201d. Solo il 3,7% ha affermato che non c&#8217;\u00e8 alcuna possibilit\u00e0 per un simile attacco.<\/p>\n<p>Completamente il 61% degli intervistati ha affermato di vedere un legame tra la crescente minaccia del terrorismo e la mal controllata politica migratoria di \u201cBruxelles, mentre il 27,8% ha affermato di essere per lo pi\u00f9 d&#8217;accordo con \u201c\u201d e l&#8217;11,1% ha affermato di non vedere tale collegamento.<\/p>\n<p>Kovacs ha affermato che il 97% degli intervistati ha affermato che l\u2019aumento della migrazione economica \u00e8 una questione di \u201creal\u201d, mentre il 72,6% ha affermato di essere \u201caware\u201d del problema, il 23,4% ha affermato di averne ascoltato l\u2019\u201c\u201d e il 3,9% non era a conoscenza del problema.<\/p>\n<p>Il portavoce del governo ha detto che il 72,7% degli intervistati ha affermato di essere d&#8217;accordo in modo sistematico sul fatto che il loro lavoro potrebbe essere minacciato dai migranti economici, con il 18,8% che afferma di essere in maggioranza d&#8217;accordo in modo appropriato e l&#8217;8,5% che afferma di non sentirsi minacciato.<\/p>\n<p>Completamente il 77,4% degli intervistati ha dichiarato che le politiche di Bruxelles sulla migrazione sono fallite e che sono necessarie nuove normative, il 17,5% ha dichiarato di essere d&#8217;accordo per lo pi\u00f9 con questa posizione, mentre il 5% non \u00e8 d&#8217;accordo Non meno dell&#8217;89,7% ha dichiarato che sosterrebbe l&#8217;attuazione di norme pi\u00f9 severe sulla migrazione da parte del governo, il 7,5% ha dichiarato che sosterrebbe in parte tali misure, mentre il 2,8% ha dichiarato che non sosterr\u00e0 norme pi\u00f9 severe Kovacs ha affermato che le risposte date a questa domanda hanno influenzato notevolmente la decisione del governo di attuare una chiusura temporanea delle frontiere e ordinare la costruzione di una recinzione lungo il confine dell&#8217;Ungheria con la Serbia.<\/p>\n<p>Kovacs ha affermato che l\u201987,9% degli intervistati concorda sul fatto che i valichi di frontiera illegali dovrebbero essere detenuti, mentre il 9,3% \u00e8 parzialmente d\u2019accordo e il 2,8% non \u00e8 d\u2019accordo con tale approccio. Non meno dell\u201986,1% concorda in modo sistematico sul fatto che i valichi di frontiera illegali dovrebbero essere respinti, il 10,2% \u00e8 parzialmente d\u2019accordo e il 3,6% degli intervistati non \u00e8 d\u2019accordo.<\/p>\n<p>Kovacs ha affermato che l\u201982,7% afferma che i migranti economici dovrebbero contribuire ai costi di accoglienza e collocamento, il 13,5% \u00e8 parzialmente d\u2019accordo con questa affermazione e il 3,8% non \u00e8 d\u2019accordo.<\/p>\n<p>Completamente il 60,6 per cento degli intervistati ha dichiarato che gli Stati membri dell&#8217;UE che aiutano i paesi da cui provengono i migranti sono un modo efficace di gestire la crisi, mentre il 15 per cento non \u00e8 d&#8217;accordo con tali passi Il 24 per cento \u00e8 in parte d&#8217;accordo con l&#8217;approccio.<\/p>\n<p>Il portavoce del governo ha detto che il 92,9 per cento degli intervistati ha detto che sostenere le famiglie e i bambini ungheresi \u00e8 pi\u00f9 importante che sostenere i migranti Un ulteriore 5,3 per cento degli intervistati \u00e8 in parte d&#8217;accordo, mentre l&#8217;1,7 per cento non \u00e8 d&#8217;accordo con la dichiarazione.<\/p>\n<p>Kovacs ha ribadito le precedenti dichiarazioni del primo ministro Viktor Orban secondo cui la recinzione di confine deve essere completata il prima possibile.<\/p>\n<p>Un totale di 1.000.254 persone hanno restituito il questionario, ha detto Kovacs, Hanno risposto online 58.000 ungheresi.<\/p>\n<p>Kovacs ha dichiarato luned\u00ec sera al canale di notizie pubbliche M1 che la consultazione nazionale sulla migrazione ha anche dimostrato che una campagna di battute provocatorie generata dai partiti di opposizione non ha funzionato. Circa 15.000 dei questionari restituiti sono stati danneggiati o contenevano note che li rendevano inadatti alla valutazione, ha aggiunto.<\/p>\n<p>Ha detto che il numero di migranti illegali dovrebbe aumentare a 100.000 entro la fine di questa settimana.<\/p>\n<p>Circa 900 persone stanno lavorando a una recinzione attualmente in costruzione lungo il confine dell&#8217;Ungheria con la Serbia e una volta completata questa operazione, si prevede che il numero di migranti illegali che arrivano attraverso questo tratto di confine scender\u00e0 a un quinto o forse a un settimo, ha aggiunto.<\/p>\n<p><em>Foto: MTI<\/em><\/p>\n","protected":false},"excerpt":{"rendered":"<p>Budapest, 7 luglio (MTI) 2 La stragrande maggioranza degli ungheresi che hanno restituito il questionario del governo sulla migrazione ha affermato che sono necessarie norme pi\u00f9 severe sia a livello nazionale che europeo per arginare il flusso di migranti illegali in Ungheria, ha detto il portavoce del governo Zoltan Kovacs. Luned\u00ec. Un numero trascurabile di [&hellip;]<\/p>\n","protected":false},"author":2,"featured_media":731286,"comment_status":"open","ping_status":"open","sticky":false,"template":"","format":"standard","meta":{"_display_image":"","footnotes":""},"categories":[1185],"tags":[1291],"class_list":["post-731285","post","type-post","status-publish","format-standard","has-post-thumbnail","hentry","category-politica-in-ungheria","tag-migrazione"],"blocksy_meta":[],"author_username":"alk","telegram_post":"","public_post_metadata":{"breaking_news":"","important":"","csempe":"","center_tile":"","disable_thumbnail":"","target_lang":"","_featured_image_style":"","telegram_post":"","_xlat_group_id":""},"public_rank_math_data":{"title":"%titolo% %sep% %nomesito%","description":"","focus_keyword":"","canonical_url":"","robots":"","primary_category":"1185","breadcrumb_title":"","facebook_title":"","facebook_description":"","facebook_image":"","facebook_image_id":"","twitter_title":"","twitter_description":"","twitter_image":"","twitter_image_id":"","twitter_card_type":"","twitter_use_facebook":"","advanced_robots":"","pillar_content":"","seo_score":"","contentai_score":"","rich_snippet":""},"_links":{"self":[{"href":"https:\/\/dailynewshungary.com\/it\/wp-json\/wp\/v2\/posts\/731285","targetHints":{"allow":["GET"]}}],"collection":[{"href":"https:\/\/dailynewshungary.com\/it\/wp-json\/wp\/v2\/posts"}],"about":[{"href":"https:\/\/dailynewshungary.com\/it\/wp-json\/wp\/v2\/types\/post"}],"author":[{"embeddable":true,"href":"https:\/\/dailynewshungary.com\/it\/wp-json\/wp\/v2\/users\/2"}],"replies":[{"embeddable":true,"href":"https:\/\/dailynewshungary.com\/it\/wp-json\/wp\/v2\/comments?post=731285"}],"version-history":[{"count":0,"href":"https:\/\/dailynewshungary.com\/it\/wp-json\/wp\/v2\/posts\/731285\/revisions"}],"wp:featuredmedia":[{"embeddable":true,"href":"https:\/\/dailynewshungary.com\/it\/wp-json\/wp\/v2\/media\/731286"}],"wp:attachment":[{"href":"https:\/\/dailynewshungary.com\/it\/wp-json\/wp\/v2\/media?parent=731285"}],"wp:term":[{"taxonomy":"category","embeddable":true,"href":"https:\/\/dailynewshungary.com\/it\/wp-json\/wp\/v2\/categories?post=731285"},{"taxonomy":"post_tag","embeddable":true,"href":"https:\/\/dailynewshungary.com\/it\/wp-json\/wp\/v2\/tags?post=731285"}],"curies":[{"name":"wp","href":"https:\/\/api.w.org\/{rel}","templated":true}]}}