{"id":731293,"date":"2015-07-27T16:00:40","date_gmt":"2015-07-27T14:00:40","guid":{"rendered":"https:\/\/dailynewshungary.com\/it\/migranti-alla-stazione-orientale-di-budapest-distressed-video\/"},"modified":"2015-07-27T16:00:40","modified_gmt":"2015-07-27T14:00:40","slug":"migranti-alla-stazione-orientale-di-budapest-distressed-video","status":"publish","type":"post","link":"https:\/\/dailynewshungary.com\/it\/migranti-alla-stazione-orientale-di-budapest-distressed-video\/","title":{"rendered":"Migranti alla Stazione Orientale di Budapest (Distressed Video)"},"content":{"rendered":"<p><strong>Il primo ministro Viktor Orb\u00e1n nel suo discorso di Tusn\u00e1df\u00fcrd the oggi ha osservato che la costruzione della recinzione di confine sar\u00e0 accelerata e sar\u00e0 completata prima del 31 agosto a causa del flusso costante e incessante di immigrati clandestini.<\/strong><\/p>\n<p>Le esperienze di altri paesi mostrano che solo costruendo la recinzione l\u2019afflusso di migranti \u00e8 sceso a una frazione rispetto ai dati precedenti.<\/p>\n<p>Ha aggiunto che si aspetta miglioramenti su larga scala dalla barriera di confine I piani tecnici sono stati approvati, le scadenze sono state modificate e la soluzione tecnica \u00e8 stata scelta.<\/p>\n<p>Ci saranno enormi segni e frecce sulla recinzione, che mostrer\u00e0 \u201ctutte le parti interessate\u201d che strada da percorrere ha detto il primo ministro Ha aggiunto che bisogna essere vigili assicurandosi che nessuno possa abusare della libert\u00e0 di movimento all&#8217;interno dell&#8217;Unione Europea.<\/p>\n<p>&nbsp;<iframe loading=\"lazy\" width=\"560\" height=\"315\" src=\"https:\/\/www.youtube.com\/embed\/ca905t67QcE\" frameborder=\"0\" allowfullscreen=\"\"><\/iframe><\/p>\n<p><em>tradotto da unghereseambiance.com<\/em><\/p>\n","protected":false},"excerpt":{"rendered":"<p>Il primo ministro Viktor Orb\u00e1n nel suo discorso di Tusn\u00e1df\u00fcrd the oggi ha osservato che la costruzione della recinzione di confine sar\u00e0 accelerata e sar\u00e0 completata prima del 31 agosto a causa del flusso costante e incessante di immigrati clandestini. Le esperienze di altri paesi mostrano che solo costruendo la recinzione l\u2019afflusso di migranti \u00e8 [&hellip;]<\/p>\n","protected":false},"author":2,"featured_media":731294,"comment_status":"open","ping_status":"open","sticky":false,"template":"","format":"standard","meta":{"_display_image":"","footnotes":""},"categories":[1207],"tags":[1158,1291,1124],"class_list":["post-731293","post","type-post","status-publish","format-standard","has-post-thumbnail","hentry","category-societa-in-ungheria","tag-budapest","tag-migrazione","tag-video"],"blocksy_meta":[],"author_username":"alk","telegram_post":"","public_post_metadata":{"breaking_news":"","important":"","csempe":"","center_tile":"","disable_thumbnail":"","target_lang":"","_featured_image_style":"","telegram_post":"","_xlat_group_id":""},"public_rank_math_data":{"title":"%titolo% %sep% %nomesito%","description":"","focus_keyword":"","canonical_url":"","robots":"","primary_category":"1207","breadcrumb_title":"","facebook_title":"","facebook_description":"","facebook_image":"","facebook_image_id":"","twitter_title":"","twitter_description":"","twitter_image":"","twitter_image_id":"","twitter_card_type":"","twitter_use_facebook":"","advanced_robots":"","pillar_content":"","seo_score":"","contentai_score":"","rich_snippet":""},"_links":{"self":[{"href":"https:\/\/dailynewshungary.com\/it\/wp-json\/wp\/v2\/posts\/731293","targetHints":{"allow":["GET"]}}],"collection":[{"href":"https:\/\/dailynewshungary.com\/it\/wp-json\/wp\/v2\/posts"}],"about":[{"href":"https:\/\/dailynewshungary.com\/it\/wp-json\/wp\/v2\/types\/post"}],"author":[{"embeddable":true,"href":"https:\/\/dailynewshungary.com\/it\/wp-json\/wp\/v2\/users\/2"}],"replies":[{"embeddable":true,"href":"https:\/\/dailynewshungary.com\/it\/wp-json\/wp\/v2\/comments?post=731293"}],"version-history":[{"count":0,"href":"https:\/\/dailynewshungary.com\/it\/wp-json\/wp\/v2\/posts\/731293\/revisions"}],"wp:featuredmedia":[{"embeddable":true,"href":"https:\/\/dailynewshungary.com\/it\/wp-json\/wp\/v2\/media\/731294"}],"wp:attachment":[{"href":"https:\/\/dailynewshungary.com\/it\/wp-json\/wp\/v2\/media?parent=731293"}],"wp:term":[{"taxonomy":"category","embeddable":true,"href":"https:\/\/dailynewshungary.com\/it\/wp-json\/wp\/v2\/categories?post=731293"},{"taxonomy":"post_tag","embeddable":true,"href":"https:\/\/dailynewshungary.com\/it\/wp-json\/wp\/v2\/tags?post=731293"}],"curies":[{"name":"wp","href":"https:\/\/api.w.org\/{rel}","templated":true}]}}