{"id":731403,"date":"2015-07-21T20:45:49","date_gmt":"2015-07-21T18:45:49","guid":{"rendered":"https:\/\/dailynewshungary.com\/it\/lazar-ungheria-per-erigere-due-tipi-di-recinzioni-di-confine\/"},"modified":"2015-07-21T20:45:49","modified_gmt":"2015-07-21T18:45:49","slug":"lazar-ungheria-per-erigere-due-tipi-di-recinzioni-di-confine","status":"publish","type":"post","link":"https:\/\/dailynewshungary.com\/it\/lazar-ungheria-per-erigere-due-tipi-di-recinzioni-di-confine\/","title":{"rendered":"Lazar: Ungheria per erigere due tipi di recinzioni di confine\u00a0"},"content":{"rendered":"<p><strong>Budapest, 2 luglio (MTI) 2 Nella riunione di marted\u00ec il governo ha deciso di erigere due tipi di recinzioni di confine, ha detto in una conferenza stampa il capo dell&#8217;ufficio governativo Janos Lazar.<\/strong><\/p>\n<p>La recinzione che si estende lungo tratti di confine di pi\u00f9 facile accesso si estender\u00e0 per 1,5 metri nel terreno e per 3 metri dal suolo. La recinzione che corre a 2,5 metri dal confine ungherese-serbo sar\u00e0 dotata di filo NATO, ha detto Lazar. Ha detto che una recinzione pi\u00f9 semplice sar\u00e0 installata sulla sezione di confine di 30-40 chilometri che \u00e8 pi\u00f9 difficile da accedere.<\/p>\n<p>Il ministero degli Interni e il ministero della Difesa sono responsabili del progetto, ha detto.<\/p>\n<p>Lazar ha affermato che durante la costruzione dovranno essere utilizzati 980.000 metri quadrati di propriet\u00e0 privata, per i quali i proprietari riceveranno un risarcimento una tantum e una tassa di utilizzo di 160-170 fiorini (0,5 euro) al metro quadrato.<\/p>\n<p>Lazar ha detto che i segnali sarebbero stati posizionati sulla recinzione per indicare il valico di frontiera legale pi\u00f9 vicino, consentendo cos\u00ec a \u201cgenuine political refugees\u201d di entrare nel paese. \u201cSi dovrebbe entrare in Ungheria attraverso la porta, non attraverso il muro, ha detto\u201d. \u201cSiamo della vecchia scuola, crediamo che se si vuole entrare da qualche parte, dovrebbe bussare per primo piuttosto che cercare di sfondare il muro,\u201d ha aggiunto.<\/p>\n<p>Lazar ha detto che il numero di attraversatori illegali di frontiera continua a crescere e potrebbe raggiungere i 300.000 entro la fine dell&#8217;anno Negli ultimi mesi, pi\u00f9 immigrati clandestini sono entrati in Europa attraverso la penisola balcanica che attraverso l&#8217;Italia, dal Mar Mediterraneo L&#8217;Ungheria \u00e8 diventata il paese \u201cpi\u00f9 esposto\u201d all&#8217;immigrazione clandestina, ha detto.<\/p>\n<p>Lazar ha affermato che i paesi europei che hanno attuato una chiusura delle frontiere sono riusciti a ridurre i flussi di traffico di esseri umani fino al 90%, aggiungendo che la lotta contro il traffico di esseri umani pu\u00f2 avere successo solo se Ungheria, Austria, Germania, Macedonia e altri paesi dei Balcani lavorano insieme.<\/p>\n<p>Il capo dell&#8217;ufficio governativo ha ribadito che il governo \u00e8 impegnato a rendere l&#8217;immigrazione clandestina un reato penale.<\/p>\n<p><em>Foto: MTI<\/em><\/p>\n","protected":false},"excerpt":{"rendered":"<p>Budapest, 2 luglio (MTI) 2 Nella riunione di marted\u00ec il governo ha deciso di erigere due tipi di recinzioni di confine, ha detto in una conferenza stampa il capo dell&#8217;ufficio governativo Janos Lazar. La recinzione che si estende lungo tratti di confine di pi\u00f9 facile accesso si estender\u00e0 per 1,5 metri nel terreno e per [&hellip;]<\/p>\n","protected":false},"author":2,"featured_media":731404,"comment_status":"open","ping_status":"open","sticky":false,"template":"","format":"standard","meta":{"_display_image":"","footnotes":""},"categories":[1185],"tags":[1291],"class_list":["post-731403","post","type-post","status-publish","format-standard","has-post-thumbnail","hentry","category-politica-in-ungheria","tag-migrazione"],"blocksy_meta":[],"author_username":"alk","telegram_post":"","public_post_metadata":{"breaking_news":"","important":"","csempe":"","center_tile":"","disable_thumbnail":"","target_lang":"","_featured_image_style":"","telegram_post":"","_xlat_group_id":""},"public_rank_math_data":{"title":"%titolo% %sep% %nomesito%","description":"","focus_keyword":"","canonical_url":"","robots":"","primary_category":"1185","breadcrumb_title":"","facebook_title":"","facebook_description":"","facebook_image":"","facebook_image_id":"","twitter_title":"","twitter_description":"","twitter_image":"","twitter_image_id":"","twitter_card_type":"","twitter_use_facebook":"","advanced_robots":"","pillar_content":"","seo_score":"","contentai_score":"","rich_snippet":""},"_links":{"self":[{"href":"https:\/\/dailynewshungary.com\/it\/wp-json\/wp\/v2\/posts\/731403","targetHints":{"allow":["GET"]}}],"collection":[{"href":"https:\/\/dailynewshungary.com\/it\/wp-json\/wp\/v2\/posts"}],"about":[{"href":"https:\/\/dailynewshungary.com\/it\/wp-json\/wp\/v2\/types\/post"}],"author":[{"embeddable":true,"href":"https:\/\/dailynewshungary.com\/it\/wp-json\/wp\/v2\/users\/2"}],"replies":[{"embeddable":true,"href":"https:\/\/dailynewshungary.com\/it\/wp-json\/wp\/v2\/comments?post=731403"}],"version-history":[{"count":0,"href":"https:\/\/dailynewshungary.com\/it\/wp-json\/wp\/v2\/posts\/731403\/revisions"}],"wp:featuredmedia":[{"embeddable":true,"href":"https:\/\/dailynewshungary.com\/it\/wp-json\/wp\/v2\/media\/731404"}],"wp:attachment":[{"href":"https:\/\/dailynewshungary.com\/it\/wp-json\/wp\/v2\/media?parent=731403"}],"wp:term":[{"taxonomy":"category","embeddable":true,"href":"https:\/\/dailynewshungary.com\/it\/wp-json\/wp\/v2\/categories?post=731403"},{"taxonomy":"post_tag","embeddable":true,"href":"https:\/\/dailynewshungary.com\/it\/wp-json\/wp\/v2\/tags?post=731403"}],"curies":[{"name":"wp","href":"https:\/\/api.w.org\/{rel}","templated":true}]}}