{"id":731441,"date":"2015-07-20T11:11:24","date_gmt":"2015-07-20T09:11:24","guid":{"rendered":"https:\/\/dailynewshungary.com\/it\/crisi-migratoria-la-invasion-delleuropa-afferma-soltesz\/"},"modified":"2015-07-20T11:11:24","modified_gmt":"2015-07-20T09:11:24","slug":"crisi-migratoria-la-invasion-delleuropa-afferma-soltesz","status":"publish","type":"post","link":"https:\/\/dailynewshungary.com\/it\/crisi-migratoria-la-invasion-delleuropa-afferma-soltesz\/","title":{"rendered":"Crisi migratoria La \u201cinvasion\u201d dell\u2019Europa, afferma Soltesz\u00a0"},"content":{"rendered":"<p><strong>Budapest, 2 luglio (MTI) La crisi migratoria in Europa \u00e8 una \u201cinvasione\u201d del continente, ha detto luned\u00ec al quotidiano Napi Gazdasag il segretario di stato per le relazioni tra Chiesa, etnia e societ\u00e0 civile.<\/strong><\/p>\n<p>Miklos Soltesz ha affermato che la crisi in corso non riguarda i rifugiati, ma \u00e8 una questione di migrazione di massa che potrebbe avere conseguenze economiche spiacevoli per il mondo intero.<\/p>\n<p>Ha affermato che l&#8217;Unione Europea nel suo insieme deve agire immediatamente per risolvere la crisi, aggiungendo, tuttavia, che l&#8217;erezione di una recinzione di confine da parte dell&#8217;Ungheria \u00e8 una mossa necessaria poich\u00e9 la macchina burocratica di \u201cBruxelles\u201d non mostra alcun segno di intervento.<\/p>\n<p>Soltesz ha affermato che l&#8217;Europa sta subendo una\u201cislamification\u201d, aggiungendo che mentre l&#8217;Islam come religione deve essere rispettato, la cultura europea si basa principalmente sui valori giudaico-cristiani.<\/p>\n<p>Ha detto che il governo apprezza il lavoro delle organizzazioni civili e ha aumentato il sostegno per loro di due miliardi di fiorini (6,5 milioni di euro). Il segretario di Stato ha affermato che il governo ha controversie con solo \u201cdue dozzine di re\u201d delle 60.000 ONG in Ungheria.<\/p>\n<p><em>Foto: MTI<\/em><\/p>\n","protected":false},"excerpt":{"rendered":"<p>Budapest, 2 luglio (MTI) La crisi migratoria in Europa \u00e8 una \u201cinvasione\u201d del continente, ha detto luned\u00ec al quotidiano Napi Gazdasag il segretario di stato per le relazioni tra Chiesa, etnia e societ\u00e0 civile. Miklos Soltesz ha affermato che la crisi in corso non riguarda i rifugiati, ma \u00e8 una questione di migrazione di massa [&hellip;]<\/p>\n","protected":false},"author":2,"featured_media":731442,"comment_status":"open","ping_status":"open","sticky":false,"template":"","format":"standard","meta":{"_display_image":"","footnotes":""},"categories":[1185],"tags":[1291],"class_list":["post-731441","post","type-post","status-publish","format-standard","has-post-thumbnail","hentry","category-politica-in-ungheria","tag-migrazione"],"blocksy_meta":[],"author_username":"alk","telegram_post":"","public_post_metadata":{"breaking_news":"","important":"","csempe":"","center_tile":"","disable_thumbnail":"","target_lang":"","_featured_image_style":"","telegram_post":"","_xlat_group_id":""},"public_rank_math_data":{"title":"%titolo% %sep% %nomesito%","description":"","focus_keyword":"","canonical_url":"","robots":"","primary_category":"1185","breadcrumb_title":"","facebook_title":"","facebook_description":"","facebook_image":"","facebook_image_id":"","twitter_title":"","twitter_description":"","twitter_image":"","twitter_image_id":"","twitter_card_type":"","twitter_use_facebook":"","advanced_robots":"","pillar_content":"","seo_score":"","contentai_score":"","rich_snippet":""},"_links":{"self":[{"href":"https:\/\/dailynewshungary.com\/it\/wp-json\/wp\/v2\/posts\/731441","targetHints":{"allow":["GET"]}}],"collection":[{"href":"https:\/\/dailynewshungary.com\/it\/wp-json\/wp\/v2\/posts"}],"about":[{"href":"https:\/\/dailynewshungary.com\/it\/wp-json\/wp\/v2\/types\/post"}],"author":[{"embeddable":true,"href":"https:\/\/dailynewshungary.com\/it\/wp-json\/wp\/v2\/users\/2"}],"replies":[{"embeddable":true,"href":"https:\/\/dailynewshungary.com\/it\/wp-json\/wp\/v2\/comments?post=731441"}],"version-history":[{"count":0,"href":"https:\/\/dailynewshungary.com\/it\/wp-json\/wp\/v2\/posts\/731441\/revisions"}],"wp:featuredmedia":[{"embeddable":true,"href":"https:\/\/dailynewshungary.com\/it\/wp-json\/wp\/v2\/media\/731442"}],"wp:attachment":[{"href":"https:\/\/dailynewshungary.com\/it\/wp-json\/wp\/v2\/media?parent=731441"}],"wp:term":[{"taxonomy":"category","embeddable":true,"href":"https:\/\/dailynewshungary.com\/it\/wp-json\/wp\/v2\/categories?post=731441"},{"taxonomy":"post_tag","embeddable":true,"href":"https:\/\/dailynewshungary.com\/it\/wp-json\/wp\/v2\/tags?post=731441"}],"curies":[{"name":"wp","href":"https:\/\/api.w.org\/{rel}","templated":true}]}}