{"id":731453,"date":"2015-07-19T12:02:00","date_gmt":"2015-07-19T10:02:00","guid":{"rendered":"https:\/\/dailynewshungary.com\/it\/prima-sezione-del-campione-di-della-recinzione-di-confine-completata\/"},"modified":"2015-07-19T12:02:00","modified_gmt":"2015-07-19T10:02:00","slug":"prima-sezione-del-campione-di-della-recinzione-di-confine-completata","status":"publish","type":"post","link":"https:\/\/dailynewshungary.com\/it\/prima-sezione-del-campione-di-della-recinzione-di-confine-completata\/","title":{"rendered":"Prima sezione del campione di\u201c\u201d della recinzione di confine completata"},"content":{"rendered":"<p><strong>Budapest (MTI) (MTI) L&#8217;esercito ungherese ha completato sabato pomeriggio la prima tratta di 175 metri della recinzione di confine vicino al confine dell&#8217;Ungheria con la Serbia.<\/strong><\/p>\n<p>Luned\u00ec \u00e8 iniziata la costruzione di questo tratto della recinzione con 43 soldati coinvolti nei lavori.<\/p>\n<p>In questo breve tratto l&#8217;esercito ha testato quattro diverse tecnologie, compreso l&#8217;uso del filo spinato NATO, per la costruzione della prevista recinzione alta 4 metri e lunga 175 chilometri.<\/p>\n<p>Il ministro della Difesa Csaba Hende ha dichiarato all&#8217;inizio di questa settimana che il governo decider\u00e0 sulla tecnologia da utilizzare nella costruzione entro marted\u00ec prossimo, aggiungendo che la scadenza per completare la recinzione \u00e8 il 30 novembre.<\/p>\n<p>Venerd\u00ec le guardie di frontiera hanno fermato un numero record di immigrati illegali al confine meridionale, complessivamente 1.296 persone, tra cui 238 bambini, ha detto la polizia.<\/p>\n<p><em>sulla base dell&#8217;articolo di MTI<\/em><\/p>\n<p><em>Foto: MTI<\/em><\/p>\n","protected":false},"excerpt":{"rendered":"<p>Budapest (MTI) (MTI) L&#8217;esercito ungherese ha completato sabato pomeriggio la prima tratta di 175 metri della recinzione di confine vicino al confine dell&#8217;Ungheria con la Serbia. Luned\u00ec \u00e8 iniziata la costruzione di questo tratto della recinzione con 43 soldati coinvolti nei lavori. In questo breve tratto l&#8217;esercito ha testato quattro diverse tecnologie, compreso l&#8217;uso del [&hellip;]<\/p>\n","protected":false},"author":3,"featured_media":731454,"comment_status":"open","ping_status":"open","sticky":false,"template":"","format":"standard","meta":{"_display_image":"","footnotes":""},"categories":[1185],"tags":[1291],"class_list":["post-731453","post","type-post","status-publish","format-standard","has-post-thumbnail","hentry","category-politica-in-ungheria","tag-migrazione"],"blocksy_meta":[],"author_username":"becsi","telegram_post":"","public_post_metadata":{"breaking_news":"","important":"","csempe":"","center_tile":"","disable_thumbnail":"","target_lang":"","_featured_image_style":"","telegram_post":"","_xlat_group_id":""},"public_rank_math_data":{"title":"%titolo% %sep% %nomesito%","description":"","focus_keyword":"","canonical_url":"","robots":"","primary_category":"1185","breadcrumb_title":"","facebook_title":"","facebook_description":"","facebook_image":"","facebook_image_id":"","twitter_title":"","twitter_description":"","twitter_image":"","twitter_image_id":"","twitter_card_type":"","twitter_use_facebook":"","advanced_robots":"","pillar_content":"","seo_score":"","contentai_score":"","rich_snippet":""},"_links":{"self":[{"href":"https:\/\/dailynewshungary.com\/it\/wp-json\/wp\/v2\/posts\/731453","targetHints":{"allow":["GET"]}}],"collection":[{"href":"https:\/\/dailynewshungary.com\/it\/wp-json\/wp\/v2\/posts"}],"about":[{"href":"https:\/\/dailynewshungary.com\/it\/wp-json\/wp\/v2\/types\/post"}],"author":[{"embeddable":true,"href":"https:\/\/dailynewshungary.com\/it\/wp-json\/wp\/v2\/users\/3"}],"replies":[{"embeddable":true,"href":"https:\/\/dailynewshungary.com\/it\/wp-json\/wp\/v2\/comments?post=731453"}],"version-history":[{"count":0,"href":"https:\/\/dailynewshungary.com\/it\/wp-json\/wp\/v2\/posts\/731453\/revisions"}],"wp:featuredmedia":[{"embeddable":true,"href":"https:\/\/dailynewshungary.com\/it\/wp-json\/wp\/v2\/media\/731454"}],"wp:attachment":[{"href":"https:\/\/dailynewshungary.com\/it\/wp-json\/wp\/v2\/media?parent=731453"}],"wp:term":[{"taxonomy":"category","embeddable":true,"href":"https:\/\/dailynewshungary.com\/it\/wp-json\/wp\/v2\/categories?post=731453"},{"taxonomy":"post_tag","embeddable":true,"href":"https:\/\/dailynewshungary.com\/it\/wp-json\/wp\/v2\/tags?post=731453"}],"curies":[{"name":"wp","href":"https:\/\/api.w.org\/{rel}","templated":true}]}}