{"id":731467,"date":"2015-07-18T10:02:37","date_gmt":"2015-07-18T08:02:37","guid":{"rendered":"https:\/\/dailynewshungary.com\/it\/vona-definisce-fidesz-unico-avversario-di-jobbik\/"},"modified":"2015-07-18T10:02:37","modified_gmt":"2015-07-18T08:02:37","slug":"vona-definisce-fidesz-unico-avversario-di-jobbik","status":"publish","type":"post","link":"https:\/\/dailynewshungary.com\/it\/vona-definisce-fidesz-unico-avversario-di-jobbik\/","title":{"rendered":"Vona definisce Fidesz unico avversario di Jobbik"},"content":{"rendered":"<p><strong>Budapest, 1 luglio (MTI) 1 \u00b0 luglio L&#8217;unico avversario del partito nazionalista radicale Jobbik governer\u00e0 Fidesz nelle prossime elezioni parlamentari previste per il 2018, ha detto venerd\u00ec il leader di Jobbik Gabor Vona.<\/strong><\/p>\n<p>\u201cGli elettori dovrebbero decidere nel 2018 se vogliono vivere nel XX o XXI secolo Raccomandiamo che dovremmo vivere in quest&#8217;ultimo, ha detto\u201d in una conferenza stampa a Martonfa, un minuscolo villaggio nel sud dell&#8217;Ungheria che segna il suo millennio.<\/p>\n<p>\u201cSe Jobbik dovesse formare un governo in quell&#8217;anno, dar\u00e0 priorit\u00e0 al rafforzamento dell&#8217;economia nazionale e alla riconquista dei mercati interni per i prodotti ungheresi, ha affermato\u201d Vona.<\/p>\n<p>\u201cVa chiarito nelle varie sedi dell&#8217;Unione europea che rimettere in piedi l&#8217;industria alimentare ungherese \u00e8 la chiave per noi, ha affermato.<\/p>\n<p>Jobbik sostiene la revisione e la modifica dell&#8217;accordo di adesione e dei trattati fondamentali in modo da ripristinare la sovranit\u00e0 dell&#8217;Ungheria sulla produzione alimentare, vale a dire che dovrebbe essere autorizzata a produrre ci\u00f2 che pu\u00f2 per i propri mercati, ha affermato.<\/p>\n<p>Una volta al potere, Jobbik far\u00e0 ogni sforzo possibile per migliorare la situazione dei villaggi e consentire loro di mantenere la propria popolazione, ha detto Vona.<\/p>\n<p><em>Foto: MTI<\/em><\/p>\n","protected":false},"excerpt":{"rendered":"<p>Budapest, 1 luglio (MTI) 1 \u00b0 luglio L&#8217;unico avversario del partito nazionalista radicale Jobbik governer\u00e0 Fidesz nelle prossime elezioni parlamentari previste per il 2018, ha detto venerd\u00ec il leader di Jobbik Gabor Vona. \u201cGli elettori dovrebbero decidere nel 2018 se vogliono vivere nel XX o XXI secolo Raccomandiamo che dovremmo vivere in quest&#8217;ultimo, ha detto\u201d [&hellip;]<\/p>\n","protected":false},"author":3,"featured_media":731468,"comment_status":"open","ping_status":"open","sticky":false,"template":"","format":"standard","meta":{"_display_image":"","footnotes":""},"categories":[1185],"tags":[1412],"class_list":["post-731467","post","type-post","status-publish","format-standard","has-post-thumbnail","hentry","category-politica-in-ungheria","tag-jobbik"],"blocksy_meta":[],"author_username":"becsi","telegram_post":"","public_post_metadata":{"breaking_news":"","important":"","csempe":"","center_tile":"","disable_thumbnail":"","target_lang":"","_featured_image_style":"","telegram_post":"","_xlat_group_id":""},"public_rank_math_data":{"title":"%titolo% %sep% %nomesito%","description":"","focus_keyword":"","canonical_url":"","robots":"","primary_category":"1185","breadcrumb_title":"","facebook_title":"","facebook_description":"","facebook_image":"","facebook_image_id":"","twitter_title":"","twitter_description":"","twitter_image":"","twitter_image_id":"","twitter_card_type":"","twitter_use_facebook":"","advanced_robots":"","pillar_content":"","seo_score":"","contentai_score":"","rich_snippet":""},"_links":{"self":[{"href":"https:\/\/dailynewshungary.com\/it\/wp-json\/wp\/v2\/posts\/731467","targetHints":{"allow":["GET"]}}],"collection":[{"href":"https:\/\/dailynewshungary.com\/it\/wp-json\/wp\/v2\/posts"}],"about":[{"href":"https:\/\/dailynewshungary.com\/it\/wp-json\/wp\/v2\/types\/post"}],"author":[{"embeddable":true,"href":"https:\/\/dailynewshungary.com\/it\/wp-json\/wp\/v2\/users\/3"}],"replies":[{"embeddable":true,"href":"https:\/\/dailynewshungary.com\/it\/wp-json\/wp\/v2\/comments?post=731467"}],"version-history":[{"count":0,"href":"https:\/\/dailynewshungary.com\/it\/wp-json\/wp\/v2\/posts\/731467\/revisions"}],"wp:featuredmedia":[{"embeddable":true,"href":"https:\/\/dailynewshungary.com\/it\/wp-json\/wp\/v2\/media\/731468"}],"wp:attachment":[{"href":"https:\/\/dailynewshungary.com\/it\/wp-json\/wp\/v2\/media?parent=731467"}],"wp:term":[{"taxonomy":"category","embeddable":true,"href":"https:\/\/dailynewshungary.com\/it\/wp-json\/wp\/v2\/categories?post=731467"},{"taxonomy":"post_tag","embeddable":true,"href":"https:\/\/dailynewshungary.com\/it\/wp-json\/wp\/v2\/tags?post=731467"}],"curies":[{"name":"wp","href":"https:\/\/api.w.org\/{rel}","templated":true}]}}