{"id":731483,"date":"2015-07-17T12:37:12","date_gmt":"2015-07-17T10:37:12","guid":{"rendered":"https:\/\/dailynewshungary.com\/it\/governo-ingresso-illegale-per-essere-considerato-reato-penale-preoccupazione-per-gli-scontri-in-ucraina\/"},"modified":"2015-07-17T12:37:12","modified_gmt":"2015-07-17T10:37:12","slug":"governo-ingresso-illegale-per-essere-considerato-reato-penale-preoccupazione-per-gli-scontri-in-ucraina","status":"publish","type":"post","link":"https:\/\/dailynewshungary.com\/it\/governo-ingresso-illegale-per-essere-considerato-reato-penale-preoccupazione-per-gli-scontri-in-ucraina\/","title":{"rendered":"Governo: ingresso illegale per essere considerato reato penale, preoccupazione per gli scontri in Ucraina"},"content":{"rendered":"<p><strong>Budapest (MTI) (MTI) Il governo ungherese segue da vicino gli scontri nell&#8217;Ucraina occidentale con crescente preoccupazione, ha detto il capo dell&#8217;ufficio governativo Janos Lazar durante la sua regolare conferenza stampa, dove sono stati affrontati anche molti altri argomenti.<\/strong><\/p>\n<p>Il gabinetto spera che le autorit\u00e0 ucraine saranno in grado di controllare la situazione e \u201cit \u00e8 solo ci\u00f2 che appare nei resoconti della stampa che suggerisce il contrario.\u201d Ha detto che i combattimenti di strada da parte di \u201cbandits\u201d non hanno precedenti e ha esortato le autorit\u00e0 ucraine a garantire la sicurezza di ogni ungherese in Transcarpazia Il governo ungherese \u00e8 informato sulla situazione ed \u00e8 pronto a tenere colloqui con l&#8217;Ucraina, ha detto, riferendosi allo scontro armato della scorsa settimana in cui sono state uccise tre persone Ha aggiunto che il primo ministro Viktor Orban ha chiesto un&#8217;indagine approfondita per verificare se i doganieri ungheresi abbiano avuto un ruolo nel contrabbando di sigarette al confine con l&#8217;Ucraina.<\/p>\n<p>In tema di migranti, Lazar ha detto che il governo si muover\u00e0 per cambiare il codice penale ungherese per rendere l&#8217;immigrazione clandestina un reato penale piuttosto che un reato minore La mozione sar\u00e0 presentata al parlamento in autunno, ha detto, aggiungendo che i confini dell&#8217;Ungheria sono ancora aperti ai punti di ingresso legali La recinzione di confine temporanea alta 4 metri costruita sul confine meridionale sar\u00e0 completata entro novembre, ha aggiunto.<\/p>\n<p>Il governo prender\u00e0 ogni misura possibile per impedire agli immigrati di \u201c di prendere il controllo del paese Il governo considera Serbia, Grecia e Macedonia come paesi \u201csafe\u201d, e i migranti saranno riportati in quei luoghi se vengono rimandati in Ungheria dalla Germania o dall&#8217;Austria, ha detto.<\/p>\n<p>Sul tema della riscossione delle tasse, Lazar ha detto che il governo non sta progettando di lanciare la pratica delle casse online al settore dei servizi Rispondendo a una domanda sul fatto che i fornitori di servizi come parrucchieri o massaggiatori sarebbero direttamente collegati all&#8217;autorit\u00e0 fiscale, Lazar ha detto che \u201cla proposta \u00e8 venuta fuori ma il primo ministro ha buttato fuori\u201d Ha citato Viktor Orban dicendo che tale mossa non sarebbe \u201cgiustificata o praticabile\u201d Lazar ha aggiunto, tuttavia, che il ministero dell&#8217;economia sta valutando modi per estendere il sistema di controllo online ai casin\u00f2.<\/p>\n<p>Un&#8217;altra questione che il governo vuole esaminare \u00e8 come riscuotere le multe dagli stranieri che passano attraverso l&#8217;Ungheria, ha detto.<\/p>\n<p>Nel frattempo, Lazar ha detto che il governo \u00e8 pronto ad affrontare le indagini della Commissione Europea sulla tassa di supervisione dei supermercati ungheresi e sul contributo sanitario a carico delle aziende produttrici di tabacco. Ha detto che non c&#8217;\u00e8 stata alcuna questione di revoca del ritiro da parte del governo di entrambe le tasse e che Bruxelles non sta mettendo in discussione le tasse stesse, ma solo le loro tariffe.<\/p>\n<p>Lazar ha detto che la catena di supermercati Spar e produttore di tabacco Philip Morris aveva presentato denunce contro l&#8217;Ungheria a Bruxelles, ma il governo \u00e8 pronto a \u201cargue il suo caso\u201d Ha accusato la commissione di sostenere apertamente gli interessi di queste due societ\u00e0 dopo la loro \u201copen lobbying\u201d.<\/p>\n<p>\u201cL&#8217;industria del tabacco pagher\u00e0 ingenti somme di denaro in tasse e con quei soldi verr\u00e0 costruito a Budapest un ottimo ospedale, ha detto\u201d.<\/p>\n<p>Il governo affronter\u00e0 la questione del terrorismo emergente nei Balcani nella prossima riunione di marted\u00ec, ha detto Lazar, aggiungendo che le domande di asilo sono gi\u00e0 in fase di elaborazione in un contesto di livelli di sicurezza nazionale intensificati Ha anche osservato che i bambini ricevono un trattamento speciale e che l&#8217;Ungheria offre loro protezione e riparo, indipendentemente da dove attraversano il paese Ha detto che gli attuali campi profughi dove vengono utilizzate tende su larga scala per ospitare i rifugiati in circostanze umane non saranno necessari \u201cin cos\u00ec grandi volumi\u201d dopo che la recinzione di confine \u00e8 stata eretta.<\/p>\n<p>Un&#8217;altra questione all&#8217;ordine del giorno di quell&#8217;incontro sono gli ultimi sviluppi nella creazione di posti di lavoro Il governo ha gi\u00e0 rispettato la met\u00e0 della sua promessa fatta nel 2010 di creare un milione di nuovi posti di lavoro, ha detto Questi posti di lavoro non sono stati solo potenziati da programmi di lavoro promossi, ha detto\u201d.<\/p>\n","protected":false},"excerpt":{"rendered":"<p>Budapest (MTI) (MTI) Il governo ungherese segue da vicino gli scontri nell&#8217;Ucraina occidentale con crescente preoccupazione, ha detto il capo dell&#8217;ufficio governativo Janos Lazar durante la sua regolare conferenza stampa, dove sono stati affrontati anche molti altri argomenti. Il gabinetto spera che le autorit\u00e0 ucraine saranno in grado di controllare la situazione e \u201cit \u00e8 [&hellip;]<\/p>\n","protected":false},"author":2,"featured_media":731484,"comment_status":"open","ping_status":"open","sticky":false,"template":"","format":"standard","meta":{"_display_image":"","footnotes":""},"categories":[1185],"tags":[1291],"class_list":["post-731483","post","type-post","status-publish","format-standard","has-post-thumbnail","hentry","category-politica-in-ungheria","tag-migrazione"],"blocksy_meta":[],"author_username":"alk","telegram_post":"","public_post_metadata":{"breaking_news":"","important":"","csempe":"","center_tile":"","disable_thumbnail":"","target_lang":"","_featured_image_style":"","telegram_post":"","_xlat_group_id":""},"public_rank_math_data":{"title":"%titolo% %sep% %nomesito%","description":"","focus_keyword":"","canonical_url":"","robots":"","primary_category":"1185","breadcrumb_title":"","facebook_title":"","facebook_description":"","facebook_image":"","facebook_image_id":"","twitter_title":"","twitter_description":"","twitter_image":"","twitter_image_id":"","twitter_card_type":"","twitter_use_facebook":"","advanced_robots":"","pillar_content":"","seo_score":"","contentai_score":"","rich_snippet":""},"_links":{"self":[{"href":"https:\/\/dailynewshungary.com\/it\/wp-json\/wp\/v2\/posts\/731483","targetHints":{"allow":["GET"]}}],"collection":[{"href":"https:\/\/dailynewshungary.com\/it\/wp-json\/wp\/v2\/posts"}],"about":[{"href":"https:\/\/dailynewshungary.com\/it\/wp-json\/wp\/v2\/types\/post"}],"author":[{"embeddable":true,"href":"https:\/\/dailynewshungary.com\/it\/wp-json\/wp\/v2\/users\/2"}],"replies":[{"embeddable":true,"href":"https:\/\/dailynewshungary.com\/it\/wp-json\/wp\/v2\/comments?post=731483"}],"version-history":[{"count":0,"href":"https:\/\/dailynewshungary.com\/it\/wp-json\/wp\/v2\/posts\/731483\/revisions"}],"wp:featuredmedia":[{"embeddable":true,"href":"https:\/\/dailynewshungary.com\/it\/wp-json\/wp\/v2\/media\/731484"}],"wp:attachment":[{"href":"https:\/\/dailynewshungary.com\/it\/wp-json\/wp\/v2\/media?parent=731483"}],"wp:term":[{"taxonomy":"category","embeddable":true,"href":"https:\/\/dailynewshungary.com\/it\/wp-json\/wp\/v2\/categories?post=731483"},{"taxonomy":"post_tag","embeddable":true,"href":"https:\/\/dailynewshungary.com\/it\/wp-json\/wp\/v2\/tags?post=731483"}],"curies":[{"name":"wp","href":"https:\/\/api.w.org\/{rel}","templated":true}]}}