{"id":731487,"date":"2015-07-17T10:00:18","date_gmt":"2015-07-17T08:00:18","guid":{"rendered":"https:\/\/dailynewshungary.com\/it\/la-romania-occupo-lungheria\/"},"modified":"2015-07-17T10:00:18","modified_gmt":"2015-07-17T08:00:18","slug":"la-romania-occupo-lungheria","status":"publish","type":"post","link":"https:\/\/dailynewshungary.com\/it\/la-romania-occupo-lungheria\/","title":{"rendered":"La Romania occup\u00f2 l\u2019Ungheria"},"content":{"rendered":"<p><strong>Secondo i dati del 2013 dell&#8217;ONU, la percentuale pi\u00f9 alta di migranti si trova ad Andorra, mentre la pi\u00f9 bassa \u00e8 in Bosnia. Le immagini dell&#8217;organizzazione internazionale rivelano che il gruppo minoritario pi\u00f9 popoloso \u00e8 quello algerino in Francia e quello indiano in Gran Bretagna, ha detto origo.hu.<\/strong><\/p>\n<p>Pi\u00f9 recentemente, le Nazioni Unite hanno misurato nel 2013 che quale percentuale dei residenti dei paesi europei non \u00e8 nata in quello stato.<\/p>\n<p>La percentuale di migranti \u00e8 la pi\u00f9 alta con il 56,9% ad Andorra, mentre la pi\u00f9 bassa con lo 0,6% in Bosnia.<\/p>\n<p>L&#8217;ONU ha anche guardato quale minoranza \u00e8 la pi\u00f9 popolosa in un dato paese In Ungheria, Italia e in Spagna, quelli che sono nati in Romania sono la minoranza pi\u00f9 numerosa; mentre in Germania, Paesi Bassi e in Macedonia, quelli che sono nati in Turchia sono quelli pi\u00f9 grandi.<\/p>\n<p>Come ha riportato anche origo.hu, in Germania, il numero di persone che entrano nel paese senza permesso \u00e8 aumentato di oltre il 75% lo scorso anno, e il loro numero \u00e8 salito pi\u00f9 alto dalla riunificazione Nella prima met\u00e0 di quest&#8217;anno sono stati registrati pi\u00f9 immigrati clandestini rispetto all&#8217;anno di punta dello scorso anno.<\/p>\n<p>Intanto in Ungheria \u00e8 iniziata la costruzione della chiusura tecnica temporanea delle frontiere, ha detto il ministro degli Esteri Peter Szijjarto alla televisione M1, non sembra diminuire la pressione dell&#8217;immigrazione clandestina sull&#8217;Ungheria.<\/p>\n<p><em>basato sull&#8217;articolo di origo.hu<br \/>\ntradotto da BA<\/em><\/p>\n<p><em>Foto: jakubmarian.com<\/em><\/p>\n","protected":false},"excerpt":{"rendered":"<p>Secondo i dati del 2013 dell&#8217;ONU, la percentuale pi\u00f9 alta di migranti si trova ad Andorra, mentre la pi\u00f9 bassa \u00e8 in Bosnia. Le immagini dell&#8217;organizzazione internazionale rivelano che il gruppo minoritario pi\u00f9 popoloso \u00e8 quello algerino in Francia e quello indiano in Gran Bretagna, ha detto origo.hu. Pi\u00f9 recentemente, le Nazioni Unite hanno misurato [&hellip;]<\/p>\n","protected":false},"author":3,"featured_media":731488,"comment_status":"open","ping_status":"open","sticky":false,"template":"","format":"standard","meta":{"_display_image":"","footnotes":""},"categories":[1207],"tags":[1406,1291,1075],"class_list":["post-731487","post","type-post","status-publish","format-standard","has-post-thumbnail","hentry","category-societa-in-ungheria","tag-indagine","tag-migrazione","tag-unione-europea"],"blocksy_meta":[],"author_username":"becsi","telegram_post":"","public_post_metadata":{"breaking_news":"","important":"","csempe":"","center_tile":"","disable_thumbnail":"","target_lang":"","_featured_image_style":"","telegram_post":"","_xlat_group_id":""},"public_rank_math_data":{"title":"%titolo% %sep% %nomesito%","description":"","focus_keyword":"","canonical_url":"","robots":"","primary_category":"1207","breadcrumb_title":"","facebook_title":"","facebook_description":"","facebook_image":"","facebook_image_id":"","twitter_title":"","twitter_description":"","twitter_image":"","twitter_image_id":"","twitter_card_type":"","twitter_use_facebook":"","advanced_robots":"","pillar_content":"","seo_score":"","contentai_score":"","rich_snippet":""},"_links":{"self":[{"href":"https:\/\/dailynewshungary.com\/it\/wp-json\/wp\/v2\/posts\/731487","targetHints":{"allow":["GET"]}}],"collection":[{"href":"https:\/\/dailynewshungary.com\/it\/wp-json\/wp\/v2\/posts"}],"about":[{"href":"https:\/\/dailynewshungary.com\/it\/wp-json\/wp\/v2\/types\/post"}],"author":[{"embeddable":true,"href":"https:\/\/dailynewshungary.com\/it\/wp-json\/wp\/v2\/users\/3"}],"replies":[{"embeddable":true,"href":"https:\/\/dailynewshungary.com\/it\/wp-json\/wp\/v2\/comments?post=731487"}],"version-history":[{"count":0,"href":"https:\/\/dailynewshungary.com\/it\/wp-json\/wp\/v2\/posts\/731487\/revisions"}],"wp:featuredmedia":[{"embeddable":true,"href":"https:\/\/dailynewshungary.com\/it\/wp-json\/wp\/v2\/media\/731488"}],"wp:attachment":[{"href":"https:\/\/dailynewshungary.com\/it\/wp-json\/wp\/v2\/media?parent=731487"}],"wp:term":[{"taxonomy":"category","embeddable":true,"href":"https:\/\/dailynewshungary.com\/it\/wp-json\/wp\/v2\/categories?post=731487"},{"taxonomy":"post_tag","embeddable":true,"href":"https:\/\/dailynewshungary.com\/it\/wp-json\/wp\/v2\/tags?post=731487"}],"curies":[{"name":"wp","href":"https:\/\/api.w.org\/{rel}","templated":true}]}}