{"id":731535,"date":"2015-07-15T08:39:53","date_gmt":"2015-07-15T06:39:53","guid":{"rendered":"https:\/\/dailynewshungary.com\/it\/manifestazione-tenuta-contro-la-recinzione-di-confine-dalla-basilica\/"},"modified":"2015-07-15T08:39:53","modified_gmt":"2015-07-15T06:39:53","slug":"manifestazione-tenuta-contro-la-recinzione-di-confine-dalla-basilica","status":"publish","type":"post","link":"https:\/\/dailynewshungary.com\/it\/manifestazione-tenuta-contro-la-recinzione-di-confine-dalla-basilica\/","title":{"rendered":"Manifestazione tenuta contro la recinzione di confine dalla Basilica"},"content":{"rendered":"<p><strong>Budapest, 1 luglio (MTI) 1 Una manifestazione si \u00e8 tenuta contro la recinzione di confine eretta al confine dell&#8217;Ungheria con la Serbia e le leggi pi\u00f9 severe sui migranti, ha detto il gruppo organizzatore per i diritti dei migranti MigSzol.<\/strong><\/p>\n<p>Marted\u00ec sera i manifestanti si sono riuniti davanti alla Basilica nel centro di Budapest e hanno espresso la loro opposizione alla \u201critrayal del governo dei migranti come immigrati economici\u201d. I relatori che hanno parlato dell&#8217;evento hanno affermato che la costruzione di una recinzione al confine non risolver\u00e0 i problemi.<\/p>\n<p>Rivolgendosi all&#8217;evento, Julia Ivan, rappresentante del Comitato Helsinki ungherese, un&#8217;organizzazione per i diritti umani, ha affermato che con le nuove leggi sui migranti l&#8217;Ungheria \u00e8 stata cancellata dalle fila delle nazioni europee civili.\u201d Ha detto che \u00e8 cinico considerare qualcuno in fuga dalla guerra come migrante economico.<\/p>\n<p>In seguito i manifestanti si spostarono nella piazza del parlamento dove smantellarono simbolicamente una recinzione.<\/p>\n<p>In tema di migranti, il capo della commissione per la difesa e le forze dell&#8217;ordine del parlamento ha affermato che il numero di migranti illegali in Ungheria potrebbe raggiungere i 140.000-160.000 entro la fine dell&#8217;anno. Lajos Kosa ha detto marted\u00ec scorso al canale di notizie pubbliche M1 che molti migranti sono assistiti da trafficanti di esseri umani, pagando 3.000-6.000 dollari USA \u201cnella speranza di trovare una vita migliore in Austria, Germania o Scandinavia\u201d. Ha detto che spesso distruggono i loro documenti \u201cSchengen ricevuti in Greece\u201d, il che causa ulteriori problemi.<\/p>\n<p><em>Foto: MTI<\/em><\/p>\n","protected":false},"excerpt":{"rendered":"<p>Budapest, 1 luglio (MTI) 1 Una manifestazione si \u00e8 tenuta contro la recinzione di confine eretta al confine dell&#8217;Ungheria con la Serbia e le leggi pi\u00f9 severe sui migranti, ha detto il gruppo organizzatore per i diritti dei migranti MigSzol. Marted\u00ec sera i manifestanti si sono riuniti davanti alla Basilica nel centro di Budapest e [&hellip;]<\/p>\n","protected":false},"author":2,"featured_media":731536,"comment_status":"open","ping_status":"open","sticky":false,"template":"","format":"standard","meta":{"_display_image":"","footnotes":""},"categories":[1185],"tags":[1291],"class_list":["post-731535","post","type-post","status-publish","format-standard","has-post-thumbnail","hentry","category-politica-in-ungheria","tag-migrazione"],"blocksy_meta":[],"author_username":"alk","telegram_post":"","public_post_metadata":{"breaking_news":"","important":"","csempe":"","center_tile":"","disable_thumbnail":"","target_lang":"","_featured_image_style":"","telegram_post":"","_xlat_group_id":""},"public_rank_math_data":{"title":"%titolo% %sep% %nomesito%","description":"","focus_keyword":"","canonical_url":"","robots":"","primary_category":"1185","breadcrumb_title":"","facebook_title":"","facebook_description":"","facebook_image":"","facebook_image_id":"","twitter_title":"","twitter_description":"","twitter_image":"","twitter_image_id":"","twitter_card_type":"","twitter_use_facebook":"","advanced_robots":"","pillar_content":"","seo_score":"","contentai_score":"","rich_snippet":""},"_links":{"self":[{"href":"https:\/\/dailynewshungary.com\/it\/wp-json\/wp\/v2\/posts\/731535","targetHints":{"allow":["GET"]}}],"collection":[{"href":"https:\/\/dailynewshungary.com\/it\/wp-json\/wp\/v2\/posts"}],"about":[{"href":"https:\/\/dailynewshungary.com\/it\/wp-json\/wp\/v2\/types\/post"}],"author":[{"embeddable":true,"href":"https:\/\/dailynewshungary.com\/it\/wp-json\/wp\/v2\/users\/2"}],"replies":[{"embeddable":true,"href":"https:\/\/dailynewshungary.com\/it\/wp-json\/wp\/v2\/comments?post=731535"}],"version-history":[{"count":0,"href":"https:\/\/dailynewshungary.com\/it\/wp-json\/wp\/v2\/posts\/731535\/revisions"}],"wp:featuredmedia":[{"embeddable":true,"href":"https:\/\/dailynewshungary.com\/it\/wp-json\/wp\/v2\/media\/731536"}],"wp:attachment":[{"href":"https:\/\/dailynewshungary.com\/it\/wp-json\/wp\/v2\/media?parent=731535"}],"wp:term":[{"taxonomy":"category","embeddable":true,"href":"https:\/\/dailynewshungary.com\/it\/wp-json\/wp\/v2\/categories?post=731535"},{"taxonomy":"post_tag","embeddable":true,"href":"https:\/\/dailynewshungary.com\/it\/wp-json\/wp\/v2\/tags?post=731535"}],"curies":[{"name":"wp","href":"https:\/\/api.w.org\/{rel}","templated":true}]}}