{"id":731636,"date":"2015-07-10T07:00:04","date_gmt":"2015-07-10T05:00:04","guid":{"rendered":"https:\/\/dailynewshungary.com\/it\/albert-wass-e-ancora-un-criminale-di-guerra-in-romania\/"},"modified":"2015-07-10T07:00:04","modified_gmt":"2015-07-10T05:00:04","slug":"albert-wass-e-ancora-un-criminale-di-guerra-in-romania","status":"publish","type":"post","link":"https:\/\/dailynewshungary.com\/it\/albert-wass-e-ancora-un-criminale-di-guerra-in-romania\/","title":{"rendered":"Albert Wass \u00e8 ancora un criminale di guerra in Romania"},"content":{"rendered":"<p><strong>Secondo index.hu, il caso, che ha dichiarato Albert Wass e suo padre criminali di guerra e li ha condannati a morte in Romania alla fine degli anni quaranta, non sar\u00e0 discusso di nuovo, quindi la sentenza rimane in vigore in Romania Ma se si guardano da vicino le accuse contro Albert Wass, si scopre che non il tribunale rumeno dovrebbe pronunciarsi: sarebbe pi\u00f9 facile analizzare le attivit\u00e0 dei tribunali militari ungheresi, delle squadre marziali e delle unit\u00e0 di controspionaggio I documenti conclusivi su Albert Wass potrebbero mentire a Budapest, in un archivio militare profondamente sepolto.<\/strong><\/p>\n<p>Il tribunale di Cluj ha recentemente respinto l&#8217;applicazione della revisione nel caso Albert Wass Il conte transilvano e suo padre sono stati dichiarati criminali di guerra nella seconda met\u00e0 degli anni quaranta (nel 1946 o nel 1948, ci sono dati contraddittori) Entrambi sono stati condannati a morte a causa del loro ruolo istigatore nelle esecuzioni a Omboztelek e Vasszentgotthard Le esecuzioni hanno avuto luogo nel 1940, quando Horthy prese il controllo della Transilvania settentrionale dopo il Secondo Premio Vienna.<\/p>\n<p>La notizia della sentenza arriv\u00f2 a Wass in Germania, dove arriv\u00f2 nel 1944 e visse negli Stati Uniti dal 1952. Le autorit\u00e0 statunitensi erano a conoscenza della sentenza rumena, ma non la consideravano cos\u00ec grave da non lasciare entrare lo scrittore, e poteva insegnare in un&#8217;universit\u00e0 della Florida. Gyorgy Frunda Senatore RMDSZ ha cercato di ottenere l&#8217;assoluzione di Albert Wass, o almeno voleva un nuovo processo nel 2003, ma \u00e8 stato respinto qualche anno fa.<\/p>\n<p>L&#8217;attuale decisione di Cluj del 2007 significa che la sentenza rimane in vigore in Romania La domanda \u00e8 stata presentata da Andreas Wass von Czege (figlio dello scrittore) e dall&#8217;avvocato Elod Kincses Secondo la radio rumena ungherese Paprika Radio, la decisione non era giustificata dai giudici L&#8217;avvocato pu\u00f2 ricorrere contro la decisione entro 10 giorni, e Kincses lo far\u00e0 in tribunale.<\/p>\n<p>Kincses ha basato la sua affermazione sul fatto che hanno trovato documenti contemporanei negli archivi del Ministero degli Affari Esteri e della Difesa rumeno che dimostrano che Albert Wass non aveva nulla a che fare con le esecuzioni, ha detto index.hu.<\/p>\n<p>Dopo il Secondo Premio Vienna, i soldati ungheresi arrivarono nel nord della Transilvania e la popolazione rumena sub\u00ec diverse atrocit\u00e0. Alcuni di loro erano sospettati a causa di legami comunisti, ma tra le vittime c&#8217;erano anche ebrei.<\/p>\n<p>Il caso torn\u00f2 ancora sotto l&#8217;autorit\u00e0 ungherese, nel 1944, ma le autorit\u00e0 militari non permisero l&#8217;esumazione dei cadaveri. Dopo tutto questo, sorge la domanda sul perch\u00e9 le attuali autorit\u00e0 ungheresi non si occupano del caso e aiutano a chiarire Albert Wass.<\/p>\n<p>Secondo lo studio di Karoly Vekov, il conte Endre Wass (il padre di Albert) \u00e8 stato menzionato molto nella causa del Tribunale del Popolo, ma Albert Wass \u00e8 stato appena menzionato La ragione di ci\u00f2 potrebbe essere che Albert Wass stava cacciando nella zona, non era al centro della tenuta Vekov dice che il giovane Wass \u00e8 stato implicato nel processo perch\u00e9 gli abitanti del villaggio vogliono ottenere le Wass-lands, che sono state confiscate agli aristocratici ungheresi riferendosi alla sentenza di morte.<\/p>\n<p><em>basato sull&#8217;articolo di index.hu<br \/>\ntradotto da BA<\/em><\/p>\n<p><em>Foto:<a href=\"https:\/\/commons.wikimedia.org\/wiki\/File:Wass_Albert_szobor_Zalaegerszeg.jpg\" data-pswp-width=\"\" data-pswp-height=\"\" data-cropped=\"true\" target=\"_blank\" rel=\"noopener\"> <span style=\"color: #3366ff;\">Wikimedia Commons\/Gabor Pilise<\/span><\/a><\/em><\/p>\n","protected":false},"excerpt":{"rendered":"<p>Secondo index.hu, il caso, che ha dichiarato Albert Wass e suo padre criminali di guerra e li ha condannati a morte in Romania alla fine degli anni quaranta, non sar\u00e0 discusso di nuovo, quindi la sentenza rimane in vigore in Romania Ma se si guardano da vicino le accuse contro Albert Wass, si scopre che [&hellip;]<\/p>\n","protected":false},"author":3,"featured_media":731637,"comment_status":"open","ping_status":"open","sticky":false,"template":"","format":"standard","meta":{"_display_image":"","footnotes":""},"categories":[1185],"tags":[1171,1223],"class_list":["post-731636","post","type-post","status-publish","format-standard","has-post-thumbnail","hentry","category-politica-in-ungheria","tag-romania","tag-storia"],"blocksy_meta":[],"author_username":"becsi","telegram_post":"","public_post_metadata":{"breaking_news":"","important":"","csempe":"","center_tile":"","disable_thumbnail":"","target_lang":"","_featured_image_style":"","telegram_post":"","_xlat_group_id":""},"public_rank_math_data":{"title":"%titolo% %sep% %nomesito%","description":"","focus_keyword":"","canonical_url":"","robots":"","primary_category":"1185","breadcrumb_title":"","facebook_title":"","facebook_description":"","facebook_image":"","facebook_image_id":"","twitter_title":"","twitter_description":"","twitter_image":"","twitter_image_id":"","twitter_card_type":"","twitter_use_facebook":"","advanced_robots":"","pillar_content":"","seo_score":"","contentai_score":"","rich_snippet":""},"_links":{"self":[{"href":"https:\/\/dailynewshungary.com\/it\/wp-json\/wp\/v2\/posts\/731636","targetHints":{"allow":["GET"]}}],"collection":[{"href":"https:\/\/dailynewshungary.com\/it\/wp-json\/wp\/v2\/posts"}],"about":[{"href":"https:\/\/dailynewshungary.com\/it\/wp-json\/wp\/v2\/types\/post"}],"author":[{"embeddable":true,"href":"https:\/\/dailynewshungary.com\/it\/wp-json\/wp\/v2\/users\/3"}],"replies":[{"embeddable":true,"href":"https:\/\/dailynewshungary.com\/it\/wp-json\/wp\/v2\/comments?post=731636"}],"version-history":[{"count":0,"href":"https:\/\/dailynewshungary.com\/it\/wp-json\/wp\/v2\/posts\/731636\/revisions"}],"wp:featuredmedia":[{"embeddable":true,"href":"https:\/\/dailynewshungary.com\/it\/wp-json\/wp\/v2\/media\/731637"}],"wp:attachment":[{"href":"https:\/\/dailynewshungary.com\/it\/wp-json\/wp\/v2\/media?parent=731636"}],"wp:term":[{"taxonomy":"category","embeddable":true,"href":"https:\/\/dailynewshungary.com\/it\/wp-json\/wp\/v2\/categories?post=731636"},{"taxonomy":"post_tag","embeddable":true,"href":"https:\/\/dailynewshungary.com\/it\/wp-json\/wp\/v2\/tags?post=731636"}],"curies":[{"name":"wp","href":"https:\/\/api.w.org\/{rel}","templated":true}]}}