{"id":731648,"date":"2015-07-09T20:14:34","date_gmt":"2015-07-09T18:14:34","guid":{"rendered":"https:\/\/dailynewshungary.com\/it\/lazar-gli-abusi-di-asilo-dovrebbero-diminuire-dopo-aver-inasprito-la-legge\/"},"modified":"2015-07-09T20:14:34","modified_gmt":"2015-07-09T18:14:34","slug":"lazar-gli-abusi-di-asilo-dovrebbero-diminuire-dopo-aver-inasprito-la-legge","status":"publish","type":"post","link":"https:\/\/dailynewshungary.com\/it\/lazar-gli-abusi-di-asilo-dovrebbero-diminuire-dopo-aver-inasprito-la-legge\/","title":{"rendered":"Lazar: Gli abusi di asilo dovrebbero diminuire dopo aver inasprito la legge"},"content":{"rendered":"<p><strong>Budapest, 9 luglio (MTI) 9 Il governo prevede che gli abusi del sistema di asilo diminuiranno in modo significativo dopo l&#8217;approvazione di una legge correlata all&#8217;inizio di questa settimana, ha detto il capo dell&#8217;ufficio governativo Janos Lazar.<\/strong><\/p>\n<p>La legge consentir\u00e0 l&#8217;importante compito di controllare i migranti illegali e unificher\u00e0 e inasprir\u00e0 le procedure di asilo, ha detto Lazar in una conferenza stampa gioved\u00ec.<\/p>\n<p>\u00c8 necessario che i colloqui continuino con l&#8217;Unione Europea e in particolare con Germania e Austria sui 15.000-2000 migranti che intendono essere rimpatriati in Ungheria, ha affermato.<\/p>\n<p>Lazar ha accolto con favore le recenti osservazioni della cancelliera tedesca Angela Merkel, che ha sottolineato la gravit\u00e0 della crisi migratoria che colpisce Serbia e Ungheria.<\/p>\n<p>Una chiusura temporanea del confine \u00e8 in preparazione a \u201cfull steam ahead\u201d e al ministro degli interni \u00e8 stato ordinato di erigere la recinzione il prima possibile, ha detto Lazar La costruzione dovrebbe iniziare entro poche settimane, ha aggiunto.<\/p>\n<p>Lazar ha detto di aver visto prove provenienti dai servizi segreti che i gruppi di trafficanti di esseri umani operano in Serbia e che sono in grado di identificare i punti in cui il confine \u00e8 facilmente permeabile, ha detto.<\/p>\n<p>Alla domanda su cosa sta facendo il governo per prevenire la diffusione della xenofobia, ha detto: \u201cSe i migranti non rispettano le regole del paese di destinazione, la gente del posto si sentir\u00e0 respinta.\u201d Ha detto che il popolo ungherese conceder\u00e0 facilmente asilo a coloro che fuggono da guerre e persecuzioni per la loro etnia, credo o opinioni politiche, ma coloro che pensano di poter entrare illegalmente in Europa solo per una vita migliore \u201c non saranno mai accettati\u201d.<\/p>\n<p>Lazar ha detto che gli sviluppi correlati saranno discussi in una riunione di gabinetto il 21 luglio, insieme alle necessarie misure di soccorso in caso di calamit\u00e0 per i danni causati dalla tempesta di mercoled\u00ec e dalla crisi del debito greco.<\/p>\n<p><em>Foto: MTI<\/em><\/p>\n","protected":false},"excerpt":{"rendered":"<p>Budapest, 9 luglio (MTI) 9 Il governo prevede che gli abusi del sistema di asilo diminuiranno in modo significativo dopo l&#8217;approvazione di una legge correlata all&#8217;inizio di questa settimana, ha detto il capo dell&#8217;ufficio governativo Janos Lazar. La legge consentir\u00e0 l&#8217;importante compito di controllare i migranti illegali e unificher\u00e0 e inasprir\u00e0 le procedure di asilo, [&hellip;]<\/p>\n","protected":false},"author":2,"featured_media":731649,"comment_status":"open","ping_status":"open","sticky":false,"template":"","format":"standard","meta":{"_display_image":"","footnotes":""},"categories":[1185],"tags":[1291],"class_list":["post-731648","post","type-post","status-publish","format-standard","has-post-thumbnail","hentry","category-politica-in-ungheria","tag-migrazione"],"blocksy_meta":[],"author_username":"alk","telegram_post":"","public_post_metadata":{"breaking_news":"","important":"","csempe":"","center_tile":"","disable_thumbnail":"","target_lang":"","_featured_image_style":"","telegram_post":"","_xlat_group_id":""},"public_rank_math_data":{"title":"%titolo% %sep% %nomesito%","description":"","focus_keyword":"","canonical_url":"","robots":"","primary_category":"1185","breadcrumb_title":"","facebook_title":"","facebook_description":"","facebook_image":"","facebook_image_id":"","twitter_title":"","twitter_description":"","twitter_image":"","twitter_image_id":"","twitter_card_type":"","twitter_use_facebook":"","advanced_robots":"","pillar_content":"","seo_score":"","contentai_score":"","rich_snippet":""},"_links":{"self":[{"href":"https:\/\/dailynewshungary.com\/it\/wp-json\/wp\/v2\/posts\/731648","targetHints":{"allow":["GET"]}}],"collection":[{"href":"https:\/\/dailynewshungary.com\/it\/wp-json\/wp\/v2\/posts"}],"about":[{"href":"https:\/\/dailynewshungary.com\/it\/wp-json\/wp\/v2\/types\/post"}],"author":[{"embeddable":true,"href":"https:\/\/dailynewshungary.com\/it\/wp-json\/wp\/v2\/users\/2"}],"replies":[{"embeddable":true,"href":"https:\/\/dailynewshungary.com\/it\/wp-json\/wp\/v2\/comments?post=731648"}],"version-history":[{"count":0,"href":"https:\/\/dailynewshungary.com\/it\/wp-json\/wp\/v2\/posts\/731648\/revisions"}],"wp:featuredmedia":[{"embeddable":true,"href":"https:\/\/dailynewshungary.com\/it\/wp-json\/wp\/v2\/media\/731649"}],"wp:attachment":[{"href":"https:\/\/dailynewshungary.com\/it\/wp-json\/wp\/v2\/media?parent=731648"}],"wp:term":[{"taxonomy":"category","embeddable":true,"href":"https:\/\/dailynewshungary.com\/it\/wp-json\/wp\/v2\/categories?post=731648"},{"taxonomy":"post_tag","embeddable":true,"href":"https:\/\/dailynewshungary.com\/it\/wp-json\/wp\/v2\/tags?post=731648"}],"curies":[{"name":"wp","href":"https:\/\/api.w.org\/{rel}","templated":true}]}}