{"id":731706,"date":"2015-07-07T23:11:59","date_gmt":"2015-07-07T21:11:59","guid":{"rendered":"https:\/\/dailynewshungary.com\/it\/vona-jobbik-partito-del-popolo\/"},"modified":"2015-07-07T23:11:59","modified_gmt":"2015-07-07T21:11:59","slug":"vona-jobbik-partito-del-popolo","status":"publish","type":"post","link":"https:\/\/dailynewshungary.com\/it\/vona-jobbik-partito-del-popolo\/","title":{"rendered":"Vona: Jobbik \u201cpartito del popolo\u201d"},"content":{"rendered":"<p><strong>Budapest, 7 luglio (MTI) Jobbik ha fatto una svolta ed \u00e8 diventato un partito popolare, ha detto il leader del partito, Gabor Vona, valutando la prima met\u00e0 dell&#8217;anno.<\/strong><\/p>\n<p>Fidesz \u00e8 \u201cbroken\u201d e l&#8217;ala sinistra \u00e8 \u201cagonizing\u201d, ha detto Vona in una conferenza stampa marted\u00ec Gli elettori potranno scegliere tra Fidesz e Jobbik solo alle prossime elezioni generali, ha aggiunto.<\/p>\n<p>La sinistra sta cercando di offuscare il confine tra Jobbik e i partiti di governo, ha detto Ma i voti in parlamento non supportano questo punto di vista Jobbik prende le sue decisioni in base al contenuto dei progetti di legge e non in base ai suoi sostenitori, ha insistito.<\/p>\n<p>Ha detto che Fidesz, a differenza di Jobbik, era una \u201carrogant e corrompevaquia. Fidesz ha superato l\u2019ex governo socialista in termini di corruzione, ha detto.<\/p>\n<p>Vona ha affermato che \u00e8 stata una \u201cipocritical\u201d di Fidesz respingere la proposta di norma sul rendere obbligatorie le dichiarazioni patrimoniali dei familiari dei politici. La parte dominante ha anche rifiutato di rispondere alle accuse di \u201ceasily provate\u201d secondo cui avevano sottratto denaro all&#8217;intermediazione di Quaestor giorni prima che fallisse, ha detto.<\/p>\n<p>L&#8217;agenda di Jobbik per l&#8217;autunno comprende sforzi anti-corruzione, una spinta a consentire agli uomini di unirsi alle donne in pensione dopo 40 anni, per risolvere i conflitti derivanti dalla convivenza fianco a fianco di \u201cungari e zingari e per discutere del futuro dell&#8217;Unione europea, Vona disse.<\/p>\n<p>Ha detto che le questioni relative all&#8217;immigrazione hanno distolto l&#8217;attenzione dai problemi degli zingari che vivono insieme alla popolazione tradizionale, ma Jobbik vuole mantenere questa questione all&#8217;ordine del giorno.<\/p>\n<p>Il governo dovrebbe andare oltre la sua \u201cverbal euro-scetticismo\u201d e affrontare effettivamente la questione della modifica dell&#8217;adesione e dei trattati di base, ha detto Vona.<\/p>\n<p>Fidesz ha detto che Jobbik ha \u201c abbandonato pi\u00f9 volte il popolo ungherese su questioni serie.\u201d Jobbik ha votato contro o si \u00e8 astenuto su diverse questioni chiave negli ultimi sei mesi che miravano a migliorare i mezzi di sussistenza delle persone, ha detto in una nota il gruppo parlamentare Fidesz. I cambiamenti che Jobbik non ha sostenuto includevano i tagli fiscali del prossimo anno, l&#8217;aumento dei crediti d&#8217;imposta per le famiglie, la richiesta di conti alle banche, gli aumenti salariali per il personale delle forze dell&#8217;ordine, l&#8217;inasprimento delle regole per gli intermediari e l&#8217;approvazione del ruolo dell&#8217;Ungheria negli sforzi anti-IS, si legge nella dichiarazione.<\/p>\n","protected":false},"excerpt":{"rendered":"<p>Budapest, 7 luglio (MTI) Jobbik ha fatto una svolta ed \u00e8 diventato un partito popolare, ha detto il leader del partito, Gabor Vona, valutando la prima met\u00e0 dell&#8217;anno. Fidesz \u00e8 \u201cbroken\u201d e l&#8217;ala sinistra \u00e8 \u201cagonizing\u201d, ha detto Vona in una conferenza stampa marted\u00ec Gli elettori potranno scegliere tra Fidesz e Jobbik solo alle prossime [&hellip;]<\/p>\n","protected":false},"author":2,"featured_media":731707,"comment_status":"open","ping_status":"open","sticky":false,"template":"","format":"standard","meta":{"_display_image":"","footnotes":""},"categories":[1185],"tags":[1412],"class_list":["post-731706","post","type-post","status-publish","format-standard","has-post-thumbnail","hentry","category-politica-in-ungheria","tag-jobbik"],"blocksy_meta":[],"author_username":"alk","telegram_post":"","public_post_metadata":{"breaking_news":"","important":"","csempe":"","center_tile":"","disable_thumbnail":"","target_lang":"","_featured_image_style":"","telegram_post":"","_xlat_group_id":""},"public_rank_math_data":{"title":"%titolo% %sep% %nomesito%","description":"","focus_keyword":"","canonical_url":"","robots":"","primary_category":"1185","breadcrumb_title":"","facebook_title":"","facebook_description":"","facebook_image":"","facebook_image_id":"","twitter_title":"","twitter_description":"","twitter_image":"","twitter_image_id":"","twitter_card_type":"","twitter_use_facebook":"","advanced_robots":"","pillar_content":"","seo_score":"","contentai_score":"","rich_snippet":""},"_links":{"self":[{"href":"https:\/\/dailynewshungary.com\/it\/wp-json\/wp\/v2\/posts\/731706","targetHints":{"allow":["GET"]}}],"collection":[{"href":"https:\/\/dailynewshungary.com\/it\/wp-json\/wp\/v2\/posts"}],"about":[{"href":"https:\/\/dailynewshungary.com\/it\/wp-json\/wp\/v2\/types\/post"}],"author":[{"embeddable":true,"href":"https:\/\/dailynewshungary.com\/it\/wp-json\/wp\/v2\/users\/2"}],"replies":[{"embeddable":true,"href":"https:\/\/dailynewshungary.com\/it\/wp-json\/wp\/v2\/comments?post=731706"}],"version-history":[{"count":0,"href":"https:\/\/dailynewshungary.com\/it\/wp-json\/wp\/v2\/posts\/731706\/revisions"}],"wp:featuredmedia":[{"embeddable":true,"href":"https:\/\/dailynewshungary.com\/it\/wp-json\/wp\/v2\/media\/731707"}],"wp:attachment":[{"href":"https:\/\/dailynewshungary.com\/it\/wp-json\/wp\/v2\/media?parent=731706"}],"wp:term":[{"taxonomy":"category","embeddable":true,"href":"https:\/\/dailynewshungary.com\/it\/wp-json\/wp\/v2\/categories?post=731706"},{"taxonomy":"post_tag","embeddable":true,"href":"https:\/\/dailynewshungary.com\/it\/wp-json\/wp\/v2\/tags?post=731706"}],"curies":[{"name":"wp","href":"https:\/\/api.w.org\/{rel}","templated":true}]}}