{"id":731750,"date":"2015-07-06T10:00:02","date_gmt":"2015-07-06T08:00:02","guid":{"rendered":"https:\/\/dailynewshungary.com\/it\/protesta-contro-la-legge-sullistruzione-superiore-tenutasi-in-parlamento\/"},"modified":"2015-07-06T10:00:02","modified_gmt":"2015-07-06T08:00:02","slug":"protesta-contro-la-legge-sullistruzione-superiore-tenutasi-in-parlamento","status":"publish","type":"post","link":"https:\/\/dailynewshungary.com\/it\/protesta-contro-la-legge-sullistruzione-superiore-tenutasi-in-parlamento\/","title":{"rendered":"Protesta contro la legge sull\u2019istruzione superiore tenutasi in parlamento"},"content":{"rendered":"<p><strong>Budapest (MTI) Circa 150 persone hanno protestato domenica contro la centralizzazione dell&#8217;istruzione superiore e la diminuzione dell&#8217;autonomia delle universit\u00e0 davanti al palazzo del parlamento.<\/strong><\/p>\n<p>All&#8217;evento organizzato dalla Rete degli Accademici (OHA) e dal Gruppo Le nostre universit\u00e0 in pericolo \u00e8 intervenuto Balazs Majtenyi, professore associato presso l&#8217;ELTE Universit\u00e0 di Budapest, il quale ha affermato che il governo ha utilizzato metodi ingiusti e trasformato il sistema senza consultazioni.<\/p>\n<p>Di conseguenza, 60 dipartimenti sono stati cancellati e l&#8217;Universit\u00e0 Nazionale del Servizio Pubblico ha una formazione in \u201cmonopolised\u201d nella pubblica amministrazione, ha aggiunto.<\/p>\n<p>Alla manifestazione tra universit\u00e0 e governo \u00e8 stata organizzata una simbolica partita di calcio in cui \u201cpolitici\u201d ha ricevuto una met\u00e0 pi\u00f9 grande e una porta pi\u00f9 piccola, oltre all&#8217;aiuto costante dell&#8217;arbitro.<\/p>\n<p><em>Foto: MTI<\/em><\/p>\n","protected":false},"excerpt":{"rendered":"<p>Budapest (MTI) Circa 150 persone hanno protestato domenica contro la centralizzazione dell&#8217;istruzione superiore e la diminuzione dell&#8217;autonomia delle universit\u00e0 davanti al palazzo del parlamento. All&#8217;evento organizzato dalla Rete degli Accademici (OHA) e dal Gruppo Le nostre universit\u00e0 in pericolo \u00e8 intervenuto Balazs Majtenyi, professore associato presso l&#8217;ELTE Universit\u00e0 di Budapest, il quale ha affermato che [&hellip;]<\/p>\n","protected":false},"author":2,"featured_media":731751,"comment_status":"open","ping_status":"open","sticky":false,"template":"","format":"standard","meta":{"_display_image":"","footnotes":""},"categories":[1207],"tags":[1835],"class_list":["post-731750","post","type-post","status-publish","format-standard","has-post-thumbnail","hentry","category-societa-in-ungheria","tag-educazione"],"blocksy_meta":[],"author_username":"alk","telegram_post":"","public_post_metadata":{"breaking_news":"","important":"","csempe":"","center_tile":"","disable_thumbnail":"","target_lang":"","_featured_image_style":"","telegram_post":"","_xlat_group_id":""},"public_rank_math_data":{"title":"%titolo% %sep% %nomesito%","description":"","focus_keyword":"","canonical_url":"","robots":"","primary_category":"1207","breadcrumb_title":"","facebook_title":"","facebook_description":"","facebook_image":"","facebook_image_id":"","twitter_title":"","twitter_description":"","twitter_image":"","twitter_image_id":"","twitter_card_type":"","twitter_use_facebook":"","advanced_robots":"","pillar_content":"","seo_score":"","contentai_score":"","rich_snippet":""},"_links":{"self":[{"href":"https:\/\/dailynewshungary.com\/it\/wp-json\/wp\/v2\/posts\/731750","targetHints":{"allow":["GET"]}}],"collection":[{"href":"https:\/\/dailynewshungary.com\/it\/wp-json\/wp\/v2\/posts"}],"about":[{"href":"https:\/\/dailynewshungary.com\/it\/wp-json\/wp\/v2\/types\/post"}],"author":[{"embeddable":true,"href":"https:\/\/dailynewshungary.com\/it\/wp-json\/wp\/v2\/users\/2"}],"replies":[{"embeddable":true,"href":"https:\/\/dailynewshungary.com\/it\/wp-json\/wp\/v2\/comments?post=731750"}],"version-history":[{"count":0,"href":"https:\/\/dailynewshungary.com\/it\/wp-json\/wp\/v2\/posts\/731750\/revisions"}],"wp:featuredmedia":[{"embeddable":true,"href":"https:\/\/dailynewshungary.com\/it\/wp-json\/wp\/v2\/media\/731751"}],"wp:attachment":[{"href":"https:\/\/dailynewshungary.com\/it\/wp-json\/wp\/v2\/media?parent=731750"}],"wp:term":[{"taxonomy":"category","embeddable":true,"href":"https:\/\/dailynewshungary.com\/it\/wp-json\/wp\/v2\/categories?post=731750"},{"taxonomy":"post_tag","embeddable":true,"href":"https:\/\/dailynewshungary.com\/it\/wp-json\/wp\/v2\/tags?post=731750"}],"curies":[{"name":"wp","href":"https:\/\/api.w.org\/{rel}","templated":true}]}}