{"id":731780,"date":"2015-07-04T18:01:34","date_gmt":"2015-07-04T16:01:34","guid":{"rendered":"https:\/\/dailynewshungary.com\/it\/il-presidente-ungherese-si-congratula-con-gli-stati-uniti-per-il-giorno-dellindipendenza\/"},"modified":"2015-07-04T18:01:34","modified_gmt":"2015-07-04T16:01:34","slug":"il-presidente-ungherese-si-congratula-con-gli-stati-uniti-per-il-giorno-dellindipendenza","status":"publish","type":"post","link":"https:\/\/dailynewshungary.com\/it\/il-presidente-ungherese-si-congratula-con-gli-stati-uniti-per-il-giorno-dellindipendenza\/","title":{"rendered":"Il presidente ungherese si congratula con gli Stati Uniti per il Giorno dell\u2019Indipendenza"},"content":{"rendered":"<p><strong>Budapest, 4 luglio (MTI) Il presidente ungherese Janos Ader ha dichiarato sabato in una lettera al presidente Barack Obama in occasione del Giorno dell&#8217;Indipendenza americana che in un mondo imprevedibile&#8230; la forza della nostra alleanza transatlantica \u00e8 di cruciale importanza\u201d.<\/strong><\/p>\n<p>\u201cIl popolo degli Stati Uniti pu\u00f2 sempre contare sul fatto che l&#8217;Ungheria si erga in difesa dei tanti valori che condividiamo, ha scritto il capo di Stato ungherese, congratulandosi con il popolo degli Stati Uniti d&#8217;America a nome del popolo ungherese mentre voi celebrare il Giorno dell&#8217;Indipendenza&#8230;\u201d<\/p>\n<p>Ader ha affermato che la Dichiarazione di Indipendenza \u201c \u00e8 rimasta non solo un simbolo di libert\u00e0 per gli americani, ma anche una fonte di ispirazione per coloro che lottano per la libert\u00e0 in tutto il mondo,\u201d secondo la lettera inoltrata a MTI dall&#8217;ufficio stampa presidenziale.<\/p>\n<p>\u201cVivendo in un mondo in rapido cambiamento, instabile e imprevedibile, quegli ideali non sono mai stati cos\u00ec rilevanti, ha scritto il presidente, riferendosi a \u201cbrutali atti di terrore\u201d e all&#8217;\u201cintensificarsi della crisi dei rifugiati ai confini dell&#8217;Europa\u201d e \u201cl&#8217;incombente minaccia del cambiamento climatico\u201d.<\/p>\n<p>\u201cCome alleati della NATO, l&#8217;Ungheria e gli Stati Uniti condividono l&#8217;impegno a proteggere la pace e i valori democratici Lottiamo e lavoriamo fianco a fianco per promuovere i diritti umani, lo stato di diritto e lo sviluppo sostenibile in tutto il mondo, ha scritto\u201d Ader.<\/p>\n<p>\u201c\u00c8 in questo spirito che il popolo ungherese si unisce a voi nella celebrazione del vostro Giorno dell&#8217;Indipendenza, ha scritto in conclusione il presidente.<\/p>\n<p><em>Foto: MTI<\/em><\/p>\n","protected":false},"excerpt":{"rendered":"<p>Budapest, 4 luglio (MTI) Il presidente ungherese Janos Ader ha dichiarato sabato in una lettera al presidente Barack Obama in occasione del Giorno dell&#8217;Indipendenza americana che in un mondo imprevedibile&#8230; la forza della nostra alleanza transatlantica \u00e8 di cruciale importanza\u201d. \u201cIl popolo degli Stati Uniti pu\u00f2 sempre contare sul fatto che l&#8217;Ungheria si erga in [&hellip;]<\/p>\n","protected":false},"author":3,"featured_media":731781,"comment_status":"open","ping_status":"open","sticky":false,"template":"","format":"standard","meta":{"_display_image":"","footnotes":""},"categories":[1185],"tags":[1111],"class_list":["post-731780","post","type-post","status-publish","format-standard","has-post-thumbnail","hentry","category-politica-in-ungheria","tag-stati-uniti"],"blocksy_meta":[],"author_username":"becsi","telegram_post":"","public_post_metadata":{"breaking_news":"","important":"","csempe":"","center_tile":"","disable_thumbnail":"","target_lang":"","_featured_image_style":"","telegram_post":"","_xlat_group_id":""},"public_rank_math_data":{"title":"%titolo% %sep% %nomesito%","description":"","focus_keyword":"","canonical_url":"","robots":"","primary_category":"1185","breadcrumb_title":"","facebook_title":"","facebook_description":"","facebook_image":"","facebook_image_id":"","twitter_title":"","twitter_description":"","twitter_image":"","twitter_image_id":"","twitter_card_type":"","twitter_use_facebook":"","advanced_robots":"","pillar_content":"","seo_score":"","contentai_score":"","rich_snippet":""},"_links":{"self":[{"href":"https:\/\/dailynewshungary.com\/it\/wp-json\/wp\/v2\/posts\/731780","targetHints":{"allow":["GET"]}}],"collection":[{"href":"https:\/\/dailynewshungary.com\/it\/wp-json\/wp\/v2\/posts"}],"about":[{"href":"https:\/\/dailynewshungary.com\/it\/wp-json\/wp\/v2\/types\/post"}],"author":[{"embeddable":true,"href":"https:\/\/dailynewshungary.com\/it\/wp-json\/wp\/v2\/users\/3"}],"replies":[{"embeddable":true,"href":"https:\/\/dailynewshungary.com\/it\/wp-json\/wp\/v2\/comments?post=731780"}],"version-history":[{"count":0,"href":"https:\/\/dailynewshungary.com\/it\/wp-json\/wp\/v2\/posts\/731780\/revisions"}],"wp:featuredmedia":[{"embeddable":true,"href":"https:\/\/dailynewshungary.com\/it\/wp-json\/wp\/v2\/media\/731781"}],"wp:attachment":[{"href":"https:\/\/dailynewshungary.com\/it\/wp-json\/wp\/v2\/media?parent=731780"}],"wp:term":[{"taxonomy":"category","embeddable":true,"href":"https:\/\/dailynewshungary.com\/it\/wp-json\/wp\/v2\/categories?post=731780"},{"taxonomy":"post_tag","embeddable":true,"href":"https:\/\/dailynewshungary.com\/it\/wp-json\/wp\/v2\/tags?post=731780"}],"curies":[{"name":"wp","href":"https:\/\/api.w.org\/{rel}","templated":true}]}}