{"id":731838,"date":"2015-07-01T14:00:38","date_gmt":"2015-07-01T12:00:38","guid":{"rendered":"https:\/\/dailynewshungary.com\/it\/il-ministero-delleconomia-prevede-20-000-studenti-aggiuntivi-nella-formazione-professionale\/"},"modified":"2015-07-01T14:00:38","modified_gmt":"2015-07-01T12:00:38","slug":"il-ministero-delleconomia-prevede-20-000-studenti-aggiuntivi-nella-formazione-professionale","status":"publish","type":"post","link":"https:\/\/dailynewshungary.com\/it\/il-ministero-delleconomia-prevede-20-000-studenti-aggiuntivi-nella-formazione-professionale\/","title":{"rendered":"Il Ministero dell\u2019Economia prevede 20.000 studenti aggiuntivi nella formazione professionale"},"content":{"rendered":"<p><strong>Budapest, 1 luglio (MTI) 1 Il ministero dell&#8217;Economia prevede che il numero di studenti che partecipano alla formazione professionale crescer\u00e0 da 50.000 a 70.000 nei prossimi quattro anni, ha detto mercoled\u00ec al canale di notizie pubbliche M1 un vice segretario di stato del ministero.<\/strong><\/p>\n<p>La camera economica \u00e8 pronta ad espandere il numero di aziende coinvolte nella formazione professionale dalle attuali 8.000 a 20.000, ha detto Laszlo Obrodina.<\/p>\n<p>A partire dal prossimo anno scolastico, gli studenti non potranno pi\u00f9 scegliere se fare un corso di formazione o fare esperienza pratica presso un&#8217;azienda, ha detto il vice segretario di stato I corsi di formazione saranno disponibili solo se la camera potr\u00e0 verificare che non ci siano pi\u00f9 aperture per loro presso le aziende.<\/p>\n<p>Il governo punta ad espandere il numero di aziende coinvolte nel programma offrendo vari dolcificanti, ha detto Obrodina. Le PMI potranno cancellare i contributi salariali degli istruttori, mentre alle aziende verr\u00e0 automaticamente dato il sostegno del governo per la gestione dei loro laboratori, ha aggiunto.<\/p>\n<p><em>Foto: euroskills<\/em><\/p>\n","protected":false},"excerpt":{"rendered":"<p>Budapest, 1 luglio (MTI) 1 Il ministero dell&#8217;Economia prevede che il numero di studenti che partecipano alla formazione professionale crescer\u00e0 da 50.000 a 70.000 nei prossimi quattro anni, ha detto mercoled\u00ec al canale di notizie pubbliche M1 un vice segretario di stato del ministero. La camera economica \u00e8 pronta ad espandere il numero di aziende [&hellip;]<\/p>\n","protected":false},"author":2,"featured_media":731839,"comment_status":"open","ping_status":"open","sticky":false,"template":"","format":"standard","meta":{"_display_image":"","footnotes":""},"categories":[1207],"tags":[1835],"class_list":["post-731838","post","type-post","status-publish","format-standard","has-post-thumbnail","hentry","category-societa-in-ungheria","tag-educazione"],"blocksy_meta":[],"author_username":"alk","telegram_post":"","public_post_metadata":{"breaking_news":"","important":"","csempe":"","center_tile":"","disable_thumbnail":"","target_lang":"","_featured_image_style":"","telegram_post":"","_xlat_group_id":""},"public_rank_math_data":{"title":"%titolo% %sep% %nomesito%","description":"","focus_keyword":"","canonical_url":"","robots":"","primary_category":"1207","breadcrumb_title":"","facebook_title":"","facebook_description":"","facebook_image":"","facebook_image_id":"","twitter_title":"","twitter_description":"","twitter_image":"","twitter_image_id":"","twitter_card_type":"","twitter_use_facebook":"","advanced_robots":"","pillar_content":"","seo_score":"","contentai_score":"","rich_snippet":""},"_links":{"self":[{"href":"https:\/\/dailynewshungary.com\/it\/wp-json\/wp\/v2\/posts\/731838","targetHints":{"allow":["GET"]}}],"collection":[{"href":"https:\/\/dailynewshungary.com\/it\/wp-json\/wp\/v2\/posts"}],"about":[{"href":"https:\/\/dailynewshungary.com\/it\/wp-json\/wp\/v2\/types\/post"}],"author":[{"embeddable":true,"href":"https:\/\/dailynewshungary.com\/it\/wp-json\/wp\/v2\/users\/2"}],"replies":[{"embeddable":true,"href":"https:\/\/dailynewshungary.com\/it\/wp-json\/wp\/v2\/comments?post=731838"}],"version-history":[{"count":0,"href":"https:\/\/dailynewshungary.com\/it\/wp-json\/wp\/v2\/posts\/731838\/revisions"}],"wp:featuredmedia":[{"embeddable":true,"href":"https:\/\/dailynewshungary.com\/it\/wp-json\/wp\/v2\/media\/731839"}],"wp:attachment":[{"href":"https:\/\/dailynewshungary.com\/it\/wp-json\/wp\/v2\/media?parent=731838"}],"wp:term":[{"taxonomy":"category","embeddable":true,"href":"https:\/\/dailynewshungary.com\/it\/wp-json\/wp\/v2\/categories?post=731838"},{"taxonomy":"post_tag","embeddable":true,"href":"https:\/\/dailynewshungary.com\/it\/wp-json\/wp\/v2\/tags?post=731838"}],"curies":[{"name":"wp","href":"https:\/\/api.w.org\/{rel}","templated":true}]}}