{"id":731856,"date":"2015-06-30T20:36:48","date_gmt":"2015-06-30T18:36:48","guid":{"rendered":"https:\/\/dailynewshungary.com\/it\/lopposizione-critica-il-governo-per-le-misure-sui-rifugiati\/"},"modified":"2015-06-30T20:36:48","modified_gmt":"2015-06-30T18:36:48","slug":"lopposizione-critica-il-governo-per-le-misure-sui-rifugiati","status":"publish","type":"post","link":"https:\/\/dailynewshungary.com\/it\/lopposizione-critica-il-governo-per-le-misure-sui-rifugiati\/","title":{"rendered":"L\u2019opposizione critica il governo per le misure sui rifugiati"},"content":{"rendered":"<p><strong>Budapest, 3 giugno (MTI) L&#8217;Ungheria dovrebbe partecipare a una risoluzione europea sulla crisi dei rifugiati, ha detto marted\u00ec il partito di opposizione Egyutt, dopo che i legislatori hanno approvato un emendamento sulla legge sull&#8217;asilo.<\/strong><\/p>\n<p>Criticando la legge che consente al governo di dichiarare alcuni paesi \u201csafe\u201d che consente il ritorno dei rifugiati l\u00ec, la deputata di Egyutt Zsuzsanna Szelenyi ha dichiarato in una conferenza stampa che il primo ministro di \u201cViktor Orban o Fidesz potrebbe decidere che la Serbia \u00e8 un paese sicuro ma questo non lo render\u00e0 cos\u00ec.\u201d<\/p>\n<p>Il governo pu\u00f2 costruire la recinzione come previsto, ma ci\u00f2 non fermer\u00e0 l\u2019afflusso di immigrati, ha aggiunto.<\/p>\n<blockquote>\n<p>\u201cTutto ci\u00f2 che otterr\u00e0 \u00e8 che diventer\u00e0 legale riportare i rifugiati in paesi in cui non hanno una protezione adeguata, ha detto\u201d.<\/p>\n<\/blockquote>\n<p>Il partito di opposizione Dialogo per l\u2019Ungheria (PM) chiede che i finanziamenti dell\u2019Unione Europea siano destinati al miglioramento delle caserme inutilizzate nel paese per essere aperte ai rifugiati e che l\u2019autorit\u00e0 per l\u2019immigrazione assuma 100 membri del personale aggiuntivi per aiutare a elaborare le domande.<\/p>\n<p>Timea Szabo, co-leader del partito, ha dichiarato marted\u00ec in una conferenza stampa che queste misure dovrebbero aiutare a prevenire eventuali incidenti difficili come la lite tra due residenti di un campo profughi sovraffollato a Debrecen, nell&#8217;Ungheria orientale, che si \u00e8 intensificata luned\u00ec pomeriggio quando circa cento migranti hanno lanciato pietre contro le auto che passavano Tutti i partiti parlamentari dovrebbero unirsi ai professionisti per formare un organismo di consultazione per affrontare la questione, ha detto, incolpando il governo per il conflitto nel campo di Debrecen, che ha operato al 200% della capacit\u00e0 negli ultimi sei mesi.<\/p>\n<p><em>Foto: MTI<\/em><\/p>\n","protected":false},"excerpt":{"rendered":"<p>Budapest, 3 giugno (MTI) L&#8217;Ungheria dovrebbe partecipare a una risoluzione europea sulla crisi dei rifugiati, ha detto marted\u00ec il partito di opposizione Egyutt, dopo che i legislatori hanno approvato un emendamento sulla legge sull&#8217;asilo. Criticando la legge che consente al governo di dichiarare alcuni paesi \u201csafe\u201d che consente il ritorno dei rifugiati l\u00ec, la deputata [&hellip;]<\/p>\n","protected":false},"author":2,"featured_media":731857,"comment_status":"open","ping_status":"open","sticky":false,"template":"","format":"standard","meta":{"_display_image":"","footnotes":""},"categories":[1185],"tags":[1291],"class_list":["post-731856","post","type-post","status-publish","format-standard","has-post-thumbnail","hentry","category-politica-in-ungheria","tag-migrazione"],"blocksy_meta":[],"author_username":"alk","telegram_post":"","public_post_metadata":{"breaking_news":"","important":"","csempe":"","center_tile":"","disable_thumbnail":"","target_lang":"","_featured_image_style":"","telegram_post":"","_xlat_group_id":""},"public_rank_math_data":{"title":"%titolo% %sep% %nomesito%","description":"","focus_keyword":"","canonical_url":"","robots":"","primary_category":"1185","breadcrumb_title":"","facebook_title":"","facebook_description":"","facebook_image":"","facebook_image_id":"","twitter_title":"","twitter_description":"","twitter_image":"","twitter_image_id":"","twitter_card_type":"","twitter_use_facebook":"","advanced_robots":"","pillar_content":"","seo_score":"","contentai_score":"","rich_snippet":""},"_links":{"self":[{"href":"https:\/\/dailynewshungary.com\/it\/wp-json\/wp\/v2\/posts\/731856","targetHints":{"allow":["GET"]}}],"collection":[{"href":"https:\/\/dailynewshungary.com\/it\/wp-json\/wp\/v2\/posts"}],"about":[{"href":"https:\/\/dailynewshungary.com\/it\/wp-json\/wp\/v2\/types\/post"}],"author":[{"embeddable":true,"href":"https:\/\/dailynewshungary.com\/it\/wp-json\/wp\/v2\/users\/2"}],"replies":[{"embeddable":true,"href":"https:\/\/dailynewshungary.com\/it\/wp-json\/wp\/v2\/comments?post=731856"}],"version-history":[{"count":0,"href":"https:\/\/dailynewshungary.com\/it\/wp-json\/wp\/v2\/posts\/731856\/revisions"}],"wp:featuredmedia":[{"embeddable":true,"href":"https:\/\/dailynewshungary.com\/it\/wp-json\/wp\/v2\/media\/731857"}],"wp:attachment":[{"href":"https:\/\/dailynewshungary.com\/it\/wp-json\/wp\/v2\/media?parent=731856"}],"wp:term":[{"taxonomy":"category","embeddable":true,"href":"https:\/\/dailynewshungary.com\/it\/wp-json\/wp\/v2\/categories?post=731856"},{"taxonomy":"post_tag","embeddable":true,"href":"https:\/\/dailynewshungary.com\/it\/wp-json\/wp\/v2\/tags?post=731856"}],"curies":[{"name":"wp","href":"https:\/\/api.w.org\/{rel}","templated":true}]}}