{"id":731876,"date":"2015-06-30T07:05:33","date_gmt":"2015-06-30T05:05:33","guid":{"rendered":"https:\/\/dailynewshungary.com\/it\/la-leadership-universitaria-e-il-governo-uccidono-i-campi-delle-matricole-elte\/"},"modified":"2015-06-30T07:05:33","modified_gmt":"2015-06-30T05:05:33","slug":"la-leadership-universitaria-e-il-governo-uccidono-i-campi-delle-matricole-elte","status":"publish","type":"post","link":"https:\/\/dailynewshungary.com\/it\/la-leadership-universitaria-e-il-governo-uccidono-i-campi-delle-matricole-elte\/","title":{"rendered":"La leadership universitaria e il governo uccidono i campi delle matricole ELTE"},"content":{"rendered":"<p><strong>Dopo lo scandalo del campo delle matricole dello scorso anno in cui una ragazza \u00e8 stata violentata in un campo organizzato dall&#8217;Universit\u00e0 E\u00f6tv\u00f6s Lor\u00e1nd (ELTE) a Fony\u00f3dliget, quest&#8217;anno n\u00e9 la Facolt\u00e0 di Lettere e Filosofia n\u00e9 la Facolt\u00e0 di Giurisprudenza dell&#8217;ELTE terranno un campo per matricole, ha riferito index.hu.<\/strong><\/p>\n<p>La leadership di ELTE insieme al suo Consiglio studentesco hanno indagato la pratica organizzativa, si sono impegnati in un dialogo sui campi delle matricole e hanno stabilito un concetto antiviolenza trasparente e a lungo termine per garantire la dignit\u00e0 umana, ha detto a MTI Krisztina Jegyes-T\u00f3th, direttrice della comunicazione di ELTE.<\/p>\n<p>A seguito dello scandalo del campo delle matricole dello scorso anno, quest&#8217;anno la Facolt\u00e0 di Lettere e Filosofia e la Facolt\u00e0 di Giurisprudenza organizzeranno solo giornate di orientamento nel campus.<\/p>\n<p>P\u00e9ter Zarand, presidente del Consiglio studentesco dell&#8217;ELTE, ha dichiarato: \u201cda quest&#8217;estate, le organizzazioni dei campi delle matricole e delle giornate di orientamento sono soggette a regolamenti.\u201d Secondo queste norme, occorre dedicare maggiore attenzione alla tutela della sicurezza fisica, della salute, della dignit\u00e0 umana e dell&#8217;autodeterminazione di tutti i partecipanti. Nei programmi del campo delle matricole non devono essere incluse n\u00e9 ordinanze sul consumo di alcol n\u00e9 alcun riferimento alla sessualit\u00e0.<\/p>\n<p>Inoltre, il progetto di programma e le persone coinvolte saranno soggetti alla previa approvazione da parte dei dirigenti delle facolt\u00e0.<\/p>\n<p>I regolamenti dell&#8217;universit\u00e0 arrivano dopo che una studentessa del primo anno \u00e8 stata violentata in un campo per matricole organizzato dall&#8217;ELTE il 30 agosto 2014 a Fony\u00f3dliget, sulla riva del Lago Balaton. Lo stupratore, S\u00e1ndor Szil\u00e1rd K. \u00e8 stato giudicato colpevole di aggressione sessuale dal tribunale distrettuale di Fony\u00f3d e ha condannato il fotografo 39enne a 7 anni e mezzo di prigione.<\/p>\n<p>Dopo che il caso \u00e8 emerso, a gennaio il governo ha istituito un comitato di lavoro per agire contro la cattiva condotta nei campi delle matricole dopo una serie di scandali che hanno coinvolto eventi non regolamentati e spesso oscuri.<\/p>\n<p><em>in base all&#8217;articolo del <span style=\"color: #0000ff;\"><a style=\"color: #0000ff;\" href=\"http:\/\/index.hu\/belfold\/2015\/06\/29\/elte_golyatabor_eotvos_lorand_tudomanyegyetem\/\" target=\"_blank\" rel=\"noopener\">indice.hu<\/a><\/span><\/em><br \/>\n<em>tradotto da G\u00e1bor Hajnal<\/em><\/p>\n","protected":false},"excerpt":{"rendered":"<p>Dopo lo scandalo del campo delle matricole dello scorso anno in cui una ragazza \u00e8 stata violentata in un campo organizzato dall&#8217;Universit\u00e0 E\u00f6tv\u00f6s Lor\u00e1nd (ELTE) a Fony\u00f3dliget, quest&#8217;anno n\u00e9 la Facolt\u00e0 di Lettere e Filosofia n\u00e9 la Facolt\u00e0 di Giurisprudenza dell&#8217;ELTE terranno un campo per matricole, ha riferito index.hu. La leadership di ELTE insieme al [&hellip;]<\/p>\n","protected":false},"author":2,"featured_media":731877,"comment_status":"open","ping_status":"open","sticky":false,"template":"","format":"standard","meta":{"_display_image":"","footnotes":""},"categories":[1207],"tags":[1835],"class_list":["post-731876","post","type-post","status-publish","format-standard","has-post-thumbnail","hentry","category-societa-in-ungheria","tag-educazione"],"blocksy_meta":[],"author_username":"alk","telegram_post":"","public_post_metadata":{"breaking_news":"","important":"","csempe":"","center_tile":"","disable_thumbnail":"","target_lang":"","_featured_image_style":"","telegram_post":"","_xlat_group_id":""},"public_rank_math_data":{"title":"%titolo% %sep% %nomesito%","description":"","focus_keyword":"","canonical_url":"","robots":"","primary_category":"1207","breadcrumb_title":"","facebook_title":"","facebook_description":"","facebook_image":"","facebook_image_id":"","twitter_title":"","twitter_description":"","twitter_image":"","twitter_image_id":"","twitter_card_type":"","twitter_use_facebook":"","advanced_robots":"","pillar_content":"","seo_score":"","contentai_score":"","rich_snippet":""},"_links":{"self":[{"href":"https:\/\/dailynewshungary.com\/it\/wp-json\/wp\/v2\/posts\/731876","targetHints":{"allow":["GET"]}}],"collection":[{"href":"https:\/\/dailynewshungary.com\/it\/wp-json\/wp\/v2\/posts"}],"about":[{"href":"https:\/\/dailynewshungary.com\/it\/wp-json\/wp\/v2\/types\/post"}],"author":[{"embeddable":true,"href":"https:\/\/dailynewshungary.com\/it\/wp-json\/wp\/v2\/users\/2"}],"replies":[{"embeddable":true,"href":"https:\/\/dailynewshungary.com\/it\/wp-json\/wp\/v2\/comments?post=731876"}],"version-history":[{"count":0,"href":"https:\/\/dailynewshungary.com\/it\/wp-json\/wp\/v2\/posts\/731876\/revisions"}],"wp:featuredmedia":[{"embeddable":true,"href":"https:\/\/dailynewshungary.com\/it\/wp-json\/wp\/v2\/media\/731877"}],"wp:attachment":[{"href":"https:\/\/dailynewshungary.com\/it\/wp-json\/wp\/v2\/media?parent=731876"}],"wp:term":[{"taxonomy":"category","embeddable":true,"href":"https:\/\/dailynewshungary.com\/it\/wp-json\/wp\/v2\/categories?post=731876"},{"taxonomy":"post_tag","embeddable":true,"href":"https:\/\/dailynewshungary.com\/it\/wp-json\/wp\/v2\/tags?post=731876"}],"curies":[{"name":"wp","href":"https:\/\/api.w.org\/{rel}","templated":true}]}}