{"id":731946,"date":"2015-06-26T08:00:18","date_gmt":"2015-06-26T06:00:18","guid":{"rendered":"https:\/\/dailynewshungary.com\/it\/i-residenti-di-debrecen-protestano-contro-il-centro-immigrati\/"},"modified":"2015-06-26T08:00:18","modified_gmt":"2015-06-26T06:00:18","slug":"i-residenti-di-debrecen-protestano-contro-il-centro-immigrati","status":"publish","type":"post","link":"https:\/\/dailynewshungary.com\/it\/i-residenti-di-debrecen-protestano-contro-il-centro-immigrati\/","title":{"rendered":"I residenti di Debrecen protestano contro il centro immigrati"},"content":{"rendered":"<p><strong>Budapest (MTI) Circa 200 persone riunite a Debrecen, nell&#8217;Ungheria orientale, hanno marciato verso un centro di accoglienza locale per immigrati per mostrare solidariet\u00e0 ai residenti che vivono vicino alla struttura\u201d, gioved\u00ec sera.<\/strong><\/p>\n<p>Gergo Keresztesy, uno degli organizzatori dell&#8217;evento, ha detto che \u00e8 giunto il momento di sostituire le parole con action\u201d. Ha definito inaccettabile che la gente del posto non sia informata su chi vive nel centro e che le persone della struttura possano \u201cvagare in citt\u00e0 senza alcuna identificazione\u201d. I manifestanti hanno chiesto la chiusura del centro profughi.<\/p>\n<p>Viktor Papp, un consigliere locale presente all&#8217;evento, ha detto al corrispondente di MTI che, sebbene la gente del posto vorrebbe vedere la struttura chiusa, ci\u00f2 non pu\u00f2 essere fatto secondo le normative europee. Ha aggiunto che il problema \u00e8 stato segnalato al governo e la polizia pattuglia continuamente l&#8217;area intorno al centro.<\/p>\n<p>Il centro di Debrecen, progettato per 830 persone, attualmente ospita 1.600 rifugiati, ha detto a MTI durante l&#8217;evento Zsolt Harhai, leader regionale dell&#8217;autorit\u00e0 per l&#8217;immigrazione.<\/p>\n<p><em>Foto: MTI<\/em><\/p>\n","protected":false},"excerpt":{"rendered":"<p>Budapest (MTI) Circa 200 persone riunite a Debrecen, nell&#8217;Ungheria orientale, hanno marciato verso un centro di accoglienza locale per immigrati per mostrare solidariet\u00e0 ai residenti che vivono vicino alla struttura\u201d, gioved\u00ec sera. Gergo Keresztesy, uno degli organizzatori dell&#8217;evento, ha detto che \u00e8 giunto il momento di sostituire le parole con action\u201d. Ha definito inaccettabile che [&hellip;]<\/p>\n","protected":false},"author":2,"featured_media":731947,"comment_status":"open","ping_status":"open","sticky":false,"template":"","format":"standard","meta":{"_display_image":"","footnotes":""},"categories":[1185],"tags":[1291],"class_list":["post-731946","post","type-post","status-publish","format-standard","has-post-thumbnail","hentry","category-politica-in-ungheria","tag-migrazione"],"blocksy_meta":[],"author_username":"alk","telegram_post":"","public_post_metadata":{"breaking_news":"","important":"","csempe":"","center_tile":"","disable_thumbnail":"","target_lang":"","_featured_image_style":"","telegram_post":"","_xlat_group_id":""},"public_rank_math_data":{"title":"%titolo% %sep% %nomesito%","description":"","focus_keyword":"","canonical_url":"","robots":"","primary_category":"1185","breadcrumb_title":"","facebook_title":"","facebook_description":"","facebook_image":"","facebook_image_id":"","twitter_title":"","twitter_description":"","twitter_image":"","twitter_image_id":"","twitter_card_type":"","twitter_use_facebook":"","advanced_robots":"","pillar_content":"","seo_score":"","contentai_score":"","rich_snippet":""},"_links":{"self":[{"href":"https:\/\/dailynewshungary.com\/it\/wp-json\/wp\/v2\/posts\/731946","targetHints":{"allow":["GET"]}}],"collection":[{"href":"https:\/\/dailynewshungary.com\/it\/wp-json\/wp\/v2\/posts"}],"about":[{"href":"https:\/\/dailynewshungary.com\/it\/wp-json\/wp\/v2\/types\/post"}],"author":[{"embeddable":true,"href":"https:\/\/dailynewshungary.com\/it\/wp-json\/wp\/v2\/users\/2"}],"replies":[{"embeddable":true,"href":"https:\/\/dailynewshungary.com\/it\/wp-json\/wp\/v2\/comments?post=731946"}],"version-history":[{"count":0,"href":"https:\/\/dailynewshungary.com\/it\/wp-json\/wp\/v2\/posts\/731946\/revisions"}],"wp:featuredmedia":[{"embeddable":true,"href":"https:\/\/dailynewshungary.com\/it\/wp-json\/wp\/v2\/media\/731947"}],"wp:attachment":[{"href":"https:\/\/dailynewshungary.com\/it\/wp-json\/wp\/v2\/media?parent=731946"}],"wp:term":[{"taxonomy":"category","embeddable":true,"href":"https:\/\/dailynewshungary.com\/it\/wp-json\/wp\/v2\/categories?post=731946"},{"taxonomy":"post_tag","embeddable":true,"href":"https:\/\/dailynewshungary.com\/it\/wp-json\/wp\/v2\/tags?post=731946"}],"curies":[{"name":"wp","href":"https:\/\/api.w.org\/{rel}","templated":true}]}}