{"id":731970,"date":"2015-06-25T13:00:20","date_gmt":"2015-06-25T11:00:20","guid":{"rendered":"https:\/\/dailynewshungary.com\/it\/lungheria-si-aspetta-la-solidarieta-europea-nella-migrazione-afferma-il-ministro-degli-esteri-szijjarto\/"},"modified":"2015-06-25T13:00:20","modified_gmt":"2015-06-25T11:00:20","slug":"lungheria-si-aspetta-la-solidarieta-europea-nella-migrazione-afferma-il-ministro-degli-esteri-szijjarto","status":"publish","type":"post","link":"https:\/\/dailynewshungary.com\/it\/lungheria-si-aspetta-la-solidarieta-europea-nella-migrazione-afferma-il-ministro-degli-esteri-szijjarto\/","title":{"rendered":"L\u2019Ungheria si aspetta la solidariet\u00e0 europea nella migrazione, afferma il ministro degli Esteri Szijjarto"},"content":{"rendered":"<p><strong>Budapest, 5 giugno (MTI) 2 L&#8217;Ungheria sta attualmente ricevendo il maggior numero di migranti illegali nell&#8217;Unione europea e quindi si aspetta solidariet\u00e0 e aiuto dall&#8217;UE in questo tema, ha detto gioved\u00ec il ministro degli Esteri Peter Szijjarto.<\/strong><\/p>\n<p>Il ministro ha detto al canale di notizie pubbliche M1 \u00e8 &#8216;inaccettabile e incomprensibile\u201d che nonostante il pi\u00f9 alto numero di migranti illegali che arrivano qui, l&#8217;attenzione \u00e8 ancora focalizzata su coloro che attraversano il Mediterraneo L&#8217;Ungheria ha ripetutamente sottolineato l&#8217;importanza delle rotte dei migranti attraverso i Balcani occidentali ma l&#8217;UE non \u00e8 riuscita a prendere misure efficaci \u00c8 ora che l&#8217;UE prenda sul serio questa situazione, ha aggiunto Szijjarto.<\/p>\n<p>Il ministro ha affermato che l&#8217;Ungheria non ha sospeso l&#8217;applicazione delle norme internazionali e dell&#8217;UE che riguardano i migranti, ma sta affrontando gravi problemi tecnici e di capacit\u00e0 considerando che quest&#8217;anno sono entrati nel paese 61.000 immigrati clandestini. Questo \u00e8 il motivo per cui l&#8217;Ungheria ha chiesto ai suoi partner dell&#8217;UE di essere paziente e una volta risolte queste sfide tecniche e di capacit\u00e0, sar\u00e0 nuovamente in grado di soddisfare le normative di Dublino.<\/p>\n<p>La disputa tra Ungheria e UE riguarda 11 Stati membri che vogliono riportare 15.000 migranti illegali in Ungheria La posizione dell&#8217;Ungheria \u00e8 che queste persone sono entrate per la prima volta nell&#8217;UE in Grecia e tutti i migranti illegali dovrebbero essere riportati nel paese in cui sono entrati nell&#8217;UE, ha aggiunto.<\/p>\n<p><em>Foto: MTI<\/em><\/p>\n","protected":false},"excerpt":{"rendered":"<p>Budapest, 5 giugno (MTI) 2 L&#8217;Ungheria sta attualmente ricevendo il maggior numero di migranti illegali nell&#8217;Unione europea e quindi si aspetta solidariet\u00e0 e aiuto dall&#8217;UE in questo tema, ha detto gioved\u00ec il ministro degli Esteri Peter Szijjarto. Il ministro ha detto al canale di notizie pubbliche M1 \u00e8 &#8216;inaccettabile e incomprensibile\u201d che nonostante il pi\u00f9 [&hellip;]<\/p>\n","protected":false},"author":2,"featured_media":731971,"comment_status":"open","ping_status":"open","sticky":false,"template":"","format":"standard","meta":{"_display_image":"","footnotes":""},"categories":[1185],"tags":[1291],"class_list":["post-731970","post","type-post","status-publish","format-standard","has-post-thumbnail","hentry","category-politica-in-ungheria","tag-migrazione"],"blocksy_meta":[],"author_username":"alk","telegram_post":"","public_post_metadata":{"breaking_news":"","important":"","csempe":"","center_tile":"","disable_thumbnail":"","target_lang":"","_featured_image_style":"","telegram_post":"","_xlat_group_id":""},"public_rank_math_data":{"title":"%titolo% %sep% %nomesito%","description":"","focus_keyword":"","canonical_url":"","robots":"","primary_category":"1185","breadcrumb_title":"","facebook_title":"","facebook_description":"","facebook_image":"","facebook_image_id":"","twitter_title":"","twitter_description":"","twitter_image":"","twitter_image_id":"","twitter_card_type":"","twitter_use_facebook":"","advanced_robots":"","pillar_content":"","seo_score":"","contentai_score":"","rich_snippet":""},"_links":{"self":[{"href":"https:\/\/dailynewshungary.com\/it\/wp-json\/wp\/v2\/posts\/731970","targetHints":{"allow":["GET"]}}],"collection":[{"href":"https:\/\/dailynewshungary.com\/it\/wp-json\/wp\/v2\/posts"}],"about":[{"href":"https:\/\/dailynewshungary.com\/it\/wp-json\/wp\/v2\/types\/post"}],"author":[{"embeddable":true,"href":"https:\/\/dailynewshungary.com\/it\/wp-json\/wp\/v2\/users\/2"}],"replies":[{"embeddable":true,"href":"https:\/\/dailynewshungary.com\/it\/wp-json\/wp\/v2\/comments?post=731970"}],"version-history":[{"count":0,"href":"https:\/\/dailynewshungary.com\/it\/wp-json\/wp\/v2\/posts\/731970\/revisions"}],"wp:featuredmedia":[{"embeddable":true,"href":"https:\/\/dailynewshungary.com\/it\/wp-json\/wp\/v2\/media\/731971"}],"wp:attachment":[{"href":"https:\/\/dailynewshungary.com\/it\/wp-json\/wp\/v2\/media?parent=731970"}],"wp:term":[{"taxonomy":"category","embeddable":true,"href":"https:\/\/dailynewshungary.com\/it\/wp-json\/wp\/v2\/categories?post=731970"},{"taxonomy":"post_tag","embeddable":true,"href":"https:\/\/dailynewshungary.com\/it\/wp-json\/wp\/v2\/tags?post=731970"}],"curies":[{"name":"wp","href":"https:\/\/api.w.org\/{rel}","templated":true}]}}