{"id":732048,"date":"2015-06-22T14:45:42","date_gmt":"2015-06-22T12:45:42","guid":{"rendered":"https:\/\/dailynewshungary.com\/it\/estensione-del-campo-profughi-di-debrecen-in-corso\/"},"modified":"2015-06-22T14:45:42","modified_gmt":"2015-06-22T12:45:42","slug":"estensione-del-campo-profughi-di-debrecen-in-corso","status":"publish","type":"post","link":"https:\/\/dailynewshungary.com\/it\/estensione-del-campo-profughi-di-debrecen-in-corso\/","title":{"rendered":"Estensione del campo profughi di Debrecen in corso"},"content":{"rendered":"<p><strong>Il campo profughi di Debrecen necessita di un urgente ampliamento della capacit\u00e0, poich\u00e9 attualmente vi soggiornano 1474 rifugiati e richiedenti asilo, tuttavia \u00e8 progettato per fornire rifugio solo a 830 immigrati, ha riferito index.hu.<\/strong><\/p>\n<p>Oltre ad un complesso edilizio adeguato a ospitare un centinaio di famiglie in circostanze vitali, il progetto di ampliamento gi\u00e0 accettato prevede la costruzione di un campo container che possa ospitare trecento rifugiati, se necessario.<\/p>\n<p>Nei primi cinque mesi del 2015, l&#8217;Ufficio per l&#8217;immigrazione e la nazionalit\u00e0 Direzione regionale delle pianure settentrionali ha effettuato una procedura nel caso di 31 327 richiedenti asilo, ma l&#8217;ufficio ha riscontrato che solo venti di loro avevano diritto allo status di rifugiato o protetto e cinquantaquattro di loro alla protezione sussidiaria. Nel caso della stragrande maggioranza degli immigrati (65-70%), la direzione non \u00e8 riuscita a portare a termine la procedura di indagine, perch\u00e9 i richiedenti asilo sono scomparsi.<\/p>\n<p>Zsolt Harahi, direttore regionale dell&#8217;ufficio immigrazione, ha detto a MTI che ogni giorno arrivano al campo circa 100-150 rifugiati, ecco perch\u00e9 \u00e8 urgente estendere l&#8217;area.<\/p>\n<p>Riferendosi alla situazione a Debrecen, R\u00f3bert R\u00e1cz, membro dell&#8217;assemblea nazionale, ha detto a MTI che l&#8217;ufficio immigrazione e la polizia \u201c hanno il controllo della situazione.\u201d L&#8217;ufficio non ha ricevuto alcuna denuncia pubblica riguardante le questioni dei rifugiati di recente, ha aggiunto.<\/p>\n<p>All&#8217;inizio di maggio, il primo ministro Viktor Orb\u00e1n aveva affermato che il campo non sarebbe stato ulteriormente sviluppato o ampliato e aveva confermato che il suo governo avrebbe invece cercato di chiudere il campo. \u201cCi\u00f2 che l&#8217;Ungheria vuole \u00e8 che non vengano pi\u00f9, e per quelli di loro che sono qui per tornare a casa, ha dichiarato il primo ministro a Debrecen.<\/p>\n<p>Ovviamente, la posizione del suo governo \u00e8 cambiata da maggio, poich\u00e9 l&#8217;estensione del campo \u00e8 gi\u00e0 iniziata.<\/p>\n<p><em>basato sull&#8217;articolo di index.hu<\/em><br \/>\n<em>tradotto da G\u00e1bor Hajnal<\/em><\/p>\n","protected":false},"excerpt":{"rendered":"<p>Il campo profughi di Debrecen necessita di un urgente ampliamento della capacit\u00e0, poich\u00e9 attualmente vi soggiornano 1474 rifugiati e richiedenti asilo, tuttavia \u00e8 progettato per fornire rifugio solo a 830 immigrati, ha riferito index.hu. Oltre ad un complesso edilizio adeguato a ospitare un centinaio di famiglie in circostanze vitali, il progetto di ampliamento gi\u00e0 accettato [&hellip;]<\/p>\n","protected":false},"author":2,"featured_media":732049,"comment_status":"open","ping_status":"open","sticky":false,"template":"","format":"standard","meta":{"_display_image":"","footnotes":""},"categories":[1185],"tags":[1291],"class_list":["post-732048","post","type-post","status-publish","format-standard","has-post-thumbnail","hentry","category-politica-in-ungheria","tag-migrazione"],"blocksy_meta":[],"author_username":"alk","telegram_post":"","public_post_metadata":{"breaking_news":"","important":"","csempe":"","center_tile":"","disable_thumbnail":"","target_lang":"","_featured_image_style":"","telegram_post":"","_xlat_group_id":""},"public_rank_math_data":{"title":"%titolo% %sep% %nomesito%","description":"","focus_keyword":"","canonical_url":"","robots":"","primary_category":"1185","breadcrumb_title":"","facebook_title":"","facebook_description":"","facebook_image":"","facebook_image_id":"","twitter_title":"","twitter_description":"","twitter_image":"","twitter_image_id":"","twitter_card_type":"","twitter_use_facebook":"","advanced_robots":"","pillar_content":"","seo_score":"","contentai_score":"","rich_snippet":""},"_links":{"self":[{"href":"https:\/\/dailynewshungary.com\/it\/wp-json\/wp\/v2\/posts\/732048","targetHints":{"allow":["GET"]}}],"collection":[{"href":"https:\/\/dailynewshungary.com\/it\/wp-json\/wp\/v2\/posts"}],"about":[{"href":"https:\/\/dailynewshungary.com\/it\/wp-json\/wp\/v2\/types\/post"}],"author":[{"embeddable":true,"href":"https:\/\/dailynewshungary.com\/it\/wp-json\/wp\/v2\/users\/2"}],"replies":[{"embeddable":true,"href":"https:\/\/dailynewshungary.com\/it\/wp-json\/wp\/v2\/comments?post=732048"}],"version-history":[{"count":0,"href":"https:\/\/dailynewshungary.com\/it\/wp-json\/wp\/v2\/posts\/732048\/revisions"}],"wp:featuredmedia":[{"embeddable":true,"href":"https:\/\/dailynewshungary.com\/it\/wp-json\/wp\/v2\/media\/732049"}],"wp:attachment":[{"href":"https:\/\/dailynewshungary.com\/it\/wp-json\/wp\/v2\/media?parent=732048"}],"wp:term":[{"taxonomy":"category","embeddable":true,"href":"https:\/\/dailynewshungary.com\/it\/wp-json\/wp\/v2\/categories?post=732048"},{"taxonomy":"post_tag","embeddable":true,"href":"https:\/\/dailynewshungary.com\/it\/wp-json\/wp\/v2\/tags?post=732048"}],"curies":[{"name":"wp","href":"https:\/\/api.w.org\/{rel}","templated":true}]}}