{"id":732114,"date":"2015-06-18T23:55:51","date_gmt":"2015-06-18T21:55:51","guid":{"rendered":"https:\/\/dailynewshungary.com\/it\/governo-la-costruzione-della-recinzione-di-confine-non-puo-essere-ritardata\/"},"modified":"2015-06-18T23:55:51","modified_gmt":"2015-06-18T21:55:51","slug":"governo-la-costruzione-della-recinzione-di-confine-non-puo-essere-ritardata","status":"publish","type":"post","link":"https:\/\/dailynewshungary.com\/it\/governo-la-costruzione-della-recinzione-di-confine-non-puo-essere-ritardata\/","title":{"rendered":"Governo: la costruzione della recinzione di confine non pu\u00f2 essere ritardata"},"content":{"rendered":"<p><strong>Budapest, 8 giugno (MTI) 1 Il governo \u00e8 \u201cnon felice\u201d sulla costruzione di una recinzione tra Ungheria e Serbia, ma garantire la sicurezza del paese significa che deve farlo urgentemente, ha detto gioved\u00ec il capo dell&#8217;ufficio governativo in una conferenza stampa regolare.<\/strong><\/p>\n<p>Non \u00e8 stato per \u201cfun o amusement\u201d che il governo ha approvato la decisione di chiudere il confine, ha detto Janos Lazar, sostenendo che un \u201cafflusso di 150.000 migranti illegali\u201d rappresentava un rischio per la sicurezza del paese.<\/p>\n<p>Il governo ungherese \u00e8 aperto a colloqui di\u201ccostruttivi\u201d con la sua controparte serba in una prossima sessione congiunta del gabinetto il 1\u00b0 luglio, ha detto.<\/p>\n<p>Lazar ha anche osservato che i valichi di frontiera continueranno a offrire l&#8217;ingresso legale.<\/p>\n<p>Alla domanda se il governo stia prendendo in considerazione una recinzione per uno qualsiasi dei suoi altri confini, ha detto che il governo non escluder\u00e0 alcuna opzione finch\u00e9 la Commissione europea non trover\u00e0 una soluzione praticabile al problema migratorio.<\/p>\n<p>Alla domanda sulla possibilit\u00e0 che i migranti aggirino il confine serbo attraversando la Romania o la Croazia, ha detto che questi paesi sono stati membri dell&#8217;UE e paesi sicuri e che i migranti illegali potrebbero essere deportati in quei paesi.<\/p>\n<p>Ha respinto le affermazioni dell&#8217;opposizione secondo cui la recinzione alta 4 metri lungo 175 km costerebbe fino a 60 miliardi di fiorini (192 milioni di euro), affermando che non costerebbe pi\u00f9 di 25 miliardi.<\/p>\n<p>Lazar ha sottolineato che l&#8217;Ungheria non ha ricevuto alcun tipo di assistenza dall&#8217;Unione Europea per gestire l&#8217;afflusso di migranti, nonostante il fatto che gli ungheresi abbiano il maggiore onere finanziario da sostenere in Europa proporzionato al prodotto interno lordo.<\/p>\n<p>Il ministro ha detto che l&#8217;Ungheria continuer\u00e0 a osservare tutte le convenzioni internazionali sulla migrazione Ha aggiunto che al tempo della guerra nei Balcani, l&#8217;Ungheria ha ammesso molti rifugiati e ha concesso loro asilo.<\/p>\n<p><em>Foto: MTI<\/em><\/p>\n","protected":false},"excerpt":{"rendered":"<p>Budapest, 8 giugno (MTI) 1 Il governo \u00e8 \u201cnon felice\u201d sulla costruzione di una recinzione tra Ungheria e Serbia, ma garantire la sicurezza del paese significa che deve farlo urgentemente, ha detto gioved\u00ec il capo dell&#8217;ufficio governativo in una conferenza stampa regolare. Non \u00e8 stato per \u201cfun o amusement\u201d che il governo ha approvato la [&hellip;]<\/p>\n","protected":false},"author":2,"featured_media":732115,"comment_status":"open","ping_status":"open","sticky":false,"template":"","format":"standard","meta":{"_display_image":"","footnotes":""},"categories":[1185],"tags":[1291,1317],"class_list":["post-732114","post","type-post","status-publish","format-standard","has-post-thumbnail","hentry","category-politica-in-ungheria","tag-migrazione","tag-serbia"],"blocksy_meta":[],"author_username":"alk","telegram_post":"","public_post_metadata":{"breaking_news":"","important":"","csempe":"","center_tile":"","disable_thumbnail":"","target_lang":"","_featured_image_style":"","telegram_post":"","_xlat_group_id":""},"public_rank_math_data":{"title":"%titolo% %sep% %nomesito%","description":"","focus_keyword":"","canonical_url":"","robots":"","primary_category":"1185","breadcrumb_title":"","facebook_title":"","facebook_description":"","facebook_image":"","facebook_image_id":"","twitter_title":"","twitter_description":"","twitter_image":"","twitter_image_id":"","twitter_card_type":"","twitter_use_facebook":"","advanced_robots":"","pillar_content":"","seo_score":"","contentai_score":"","rich_snippet":""},"_links":{"self":[{"href":"https:\/\/dailynewshungary.com\/it\/wp-json\/wp\/v2\/posts\/732114","targetHints":{"allow":["GET"]}}],"collection":[{"href":"https:\/\/dailynewshungary.com\/it\/wp-json\/wp\/v2\/posts"}],"about":[{"href":"https:\/\/dailynewshungary.com\/it\/wp-json\/wp\/v2\/types\/post"}],"author":[{"embeddable":true,"href":"https:\/\/dailynewshungary.com\/it\/wp-json\/wp\/v2\/users\/2"}],"replies":[{"embeddable":true,"href":"https:\/\/dailynewshungary.com\/it\/wp-json\/wp\/v2\/comments?post=732114"}],"version-history":[{"count":0,"href":"https:\/\/dailynewshungary.com\/it\/wp-json\/wp\/v2\/posts\/732114\/revisions"}],"wp:featuredmedia":[{"embeddable":true,"href":"https:\/\/dailynewshungary.com\/it\/wp-json\/wp\/v2\/media\/732115"}],"wp:attachment":[{"href":"https:\/\/dailynewshungary.com\/it\/wp-json\/wp\/v2\/media?parent=732114"}],"wp:term":[{"taxonomy":"category","embeddable":true,"href":"https:\/\/dailynewshungary.com\/it\/wp-json\/wp\/v2\/categories?post=732114"},{"taxonomy":"post_tag","embeddable":true,"href":"https:\/\/dailynewshungary.com\/it\/wp-json\/wp\/v2\/tags?post=732114"}],"curies":[{"name":"wp","href":"https:\/\/api.w.org\/{rel}","templated":true}]}}