{"id":732128,"date":"2015-06-18T12:00:14","date_gmt":"2015-06-18T10:00:14","guid":{"rendered":"https:\/\/dailynewshungary.com\/it\/fm-szijjarto-ungheria-sotto-pressione-per-risolvere-la-questione-immigrazione\/"},"modified":"2015-06-18T12:00:14","modified_gmt":"2015-06-18T10:00:14","slug":"fm-szijjarto-ungheria-sotto-pressione-per-risolvere-la-questione-immigrazione","status":"publish","type":"post","link":"https:\/\/dailynewshungary.com\/it\/fm-szijjarto-ungheria-sotto-pressione-per-risolvere-la-questione-immigrazione\/","title":{"rendered":"FM Szijjarto: Ungheria sotto pressione per risolvere la questione immigrazione"},"content":{"rendered":"<p><strong>Budapest, 18 giugno (MTI) 1 Sebbene l&#8217;Unione Europea stia cercando un consenso sul problema dell&#8217;immigrazione, l&#8217;Ungheria non ha tempo per sprecare il suo mandato, ha detto gioved\u00ec mattina al canale di notizie pubbliche M1 Peter Szijjarto, ministro degli Esteri.<\/strong><\/p>\n<p>Szijjarto ha sostenuto che la pressione sull&#8217;Ungheria \u00e8 stata maggiore che sull&#8217;Italia o sulla Grecia e ha osservato che il numero di immigrati che attraversano i confini dell&#8217;Ungheria \u00e8 stato pari a oltre 50.000 nei primi cinque mesi dell&#8217;anno.<\/p>\n<p>Mercoled\u00ec il governo ha ordinato la costruzione di una recinzione lungo il confine dell&#8217;Ungheria con la Serbia per fermare gli immigrati illegali.<\/p>\n<p>Nella sua intervista, Szijjarto ha affermato che mentre i media internazionali si concentrano sull&#8217;afflusso di immigrati che arrivano attraverso il Mediterraneo, l&#8217;UE \u201c sembra riluttante a rendersi conto che decine di migliaia di immigrati arrivano in Europa dai Balcani occidentali\u201d. In quella situazione, ha insistito, \u00e8 \u201clogical\u201d che il governo adotti misure \u201c per proteggere il popolo ungherese dalla pressione degli immigrati\u201d.<\/p>\n<p>Szijjarto ha sottolineato che la recinzione \u00e8 progettata per chiudere il confine di \u201cgreen\u201d mentre i valichi di frontiera continueranno a offrire l&#8217;ingresso legale.<\/p>\n<p>Il ministro degli Esteri ha detto di aver consultato mercoled\u00ec il suo omologo serbo e ha aggiunto che luned\u00ec una riunione dei suoi colleghi europei discuter\u00e0 probabilmente la questione a Lussemburgo.<\/p>\n<p>Riferendosi alle recenti osservazioni di Papa Francesco, Szijjarto ha detto di essere d&#8217;accordo sul fatto che coloro che sono costretti a lasciare le loro case devono essere assistiti Se le persone lasciano la loro patria per motivi economici, tali ragioni devono essere eliminate e i loro paesi dovrebbero essere sostenuti in tali sforzi, ha aggiunto.<\/p>\n<p>Per quanto riguarda i rifugiati politici, Szijjarto ha espresso la disponibilit\u00e0 dell&#8217;Ungheria a continuare a concedere asilo alle vittime delle dittature.<\/p>\n<p><em>Foto: Balazs Beli<\/em><\/p>\n","protected":false},"excerpt":{"rendered":"<p>Budapest, 18 giugno (MTI) 1 Sebbene l&#8217;Unione Europea stia cercando un consenso sul problema dell&#8217;immigrazione, l&#8217;Ungheria non ha tempo per sprecare il suo mandato, ha detto gioved\u00ec mattina al canale di notizie pubbliche M1 Peter Szijjarto, ministro degli Esteri. Szijjarto ha sostenuto che la pressione sull&#8217;Ungheria \u00e8 stata maggiore che sull&#8217;Italia o sulla Grecia e [&hellip;]<\/p>\n","protected":false},"author":2,"featured_media":732129,"comment_status":"open","ping_status":"open","sticky":false,"template":"","format":"standard","meta":{"_display_image":"","footnotes":""},"categories":[1185],"tags":[1291,1092],"class_list":["post-732128","post","type-post","status-publish","format-standard","has-post-thumbnail","hentry","category-politica-in-ungheria","tag-migrazione","tag-ministero-degli-affari-esteri-dellungheria"],"blocksy_meta":[],"author_username":"alk","telegram_post":"","public_post_metadata":{"breaking_news":"","important":"","csempe":"","center_tile":"","disable_thumbnail":"","target_lang":"","_featured_image_style":"","telegram_post":"","_xlat_group_id":""},"public_rank_math_data":{"title":"%titolo% %sep% %nomesito%","description":"","focus_keyword":"","canonical_url":"","robots":"","primary_category":"1185","breadcrumb_title":"","facebook_title":"","facebook_description":"","facebook_image":"","facebook_image_id":"","twitter_title":"","twitter_description":"","twitter_image":"","twitter_image_id":"","twitter_card_type":"","twitter_use_facebook":"","advanced_robots":"","pillar_content":"","seo_score":"","contentai_score":"","rich_snippet":""},"_links":{"self":[{"href":"https:\/\/dailynewshungary.com\/it\/wp-json\/wp\/v2\/posts\/732128","targetHints":{"allow":["GET"]}}],"collection":[{"href":"https:\/\/dailynewshungary.com\/it\/wp-json\/wp\/v2\/posts"}],"about":[{"href":"https:\/\/dailynewshungary.com\/it\/wp-json\/wp\/v2\/types\/post"}],"author":[{"embeddable":true,"href":"https:\/\/dailynewshungary.com\/it\/wp-json\/wp\/v2\/users\/2"}],"replies":[{"embeddable":true,"href":"https:\/\/dailynewshungary.com\/it\/wp-json\/wp\/v2\/comments?post=732128"}],"version-history":[{"count":0,"href":"https:\/\/dailynewshungary.com\/it\/wp-json\/wp\/v2\/posts\/732128\/revisions"}],"wp:featuredmedia":[{"embeddable":true,"href":"https:\/\/dailynewshungary.com\/it\/wp-json\/wp\/v2\/media\/732129"}],"wp:attachment":[{"href":"https:\/\/dailynewshungary.com\/it\/wp-json\/wp\/v2\/media?parent=732128"}],"wp:term":[{"taxonomy":"category","embeddable":true,"href":"https:\/\/dailynewshungary.com\/it\/wp-json\/wp\/v2\/categories?post=732128"},{"taxonomy":"post_tag","embeddable":true,"href":"https:\/\/dailynewshungary.com\/it\/wp-json\/wp\/v2\/tags?post=732128"}],"curies":[{"name":"wp","href":"https:\/\/api.w.org\/{rel}","templated":true}]}}