{"id":732144,"date":"2015-06-17T14:28:39","date_gmt":"2015-06-17T12:28:39","guid":{"rendered":"https:\/\/dailynewshungary.com\/it\/ultime-notizie-2-fm-szijjart-il-ministro-degli-interni-ha-ordinato-di-preparare-la-chiusura-delle-frontiere\/"},"modified":"2015-06-17T14:28:39","modified_gmt":"2015-06-17T12:28:39","slug":"ultime-notizie-2-fm-szijjart-il-ministro-degli-interni-ha-ordinato-di-preparare-la-chiusura-delle-frontiere","status":"publish","type":"post","link":"https:\/\/dailynewshungary.com\/it\/ultime-notizie-2-fm-szijjart-il-ministro-degli-interni-ha-ordinato-di-preparare-la-chiusura-delle-frontiere\/","title":{"rendered":"Ultime notizie 2 FM Szijjart: il ministro degli Interni ha ordinato di preparare la chiusura delle frontiere"},"content":{"rendered":"<p><strong>Budapest, 7 giugno (MTI) Il governo ungherese ha ordinato al ministro degli Interni di preparare la costruzione di una recinzione di 4 metri lungo il confine dell&#8217;Ungheria con la Serbia, ha detto il ministro degli Esteri.<\/strong><\/p>\n<p>I preparativi dovrebbero essere completati entro mercoled\u00ec prossimo, ha detto Peter Szijjarto dopo una riunione di gabinetto.<\/p>\n<p>La recinzione sar\u00e0 allestita lungo un tratto di 175 chilometri La mossa non contraddice gli obblighi internazionali n\u00e9 \u00e8 in violazione di alcun contratto internazionale, ha detto Szijjarto.<\/p>\n<p>Marted\u00ec, in una riunione dei ministri degli Interni dell&#8217;Unione Europea, \u00e8 emerso che l&#8217;Ungheria \u00e8 la pi\u00f9 colpita dall&#8217;immigrazione tra tutti gli Stati membri, ha aggiunto.<\/p>\n<p>Nel frattempo i legislatori stanno tenendo un dibattito in parlamento su un emendamento alla legge sull&#8217;immigrazione sponsorizzato dal governo, che inasprirebbe le regole per ricevere lo status di rifugiato in Ungheria.<\/p>\n<p><em>Foto: MTI<\/em><\/p>\n","protected":false},"excerpt":{"rendered":"<p>Budapest, 7 giugno (MTI) Il governo ungherese ha ordinato al ministro degli Interni di preparare la costruzione di una recinzione di 4 metri lungo il confine dell&#8217;Ungheria con la Serbia, ha detto il ministro degli Esteri. I preparativi dovrebbero essere completati entro mercoled\u00ec prossimo, ha detto Peter Szijjarto dopo una riunione di gabinetto. La recinzione [&hellip;]<\/p>\n","protected":false},"author":2,"featured_media":732145,"comment_status":"open","ping_status":"open","sticky":false,"template":"","format":"standard","meta":{"_display_image":"","footnotes":""},"categories":[1185],"tags":[1291,1092],"class_list":["post-732144","post","type-post","status-publish","format-standard","has-post-thumbnail","hentry","category-politica-in-ungheria","tag-migrazione","tag-ministero-degli-affari-esteri-dellungheria"],"blocksy_meta":[],"author_username":"alk","telegram_post":"","public_post_metadata":{"breaking_news":"","important":"","csempe":"","center_tile":"","disable_thumbnail":"","target_lang":"","_featured_image_style":"","telegram_post":"","_xlat_group_id":""},"public_rank_math_data":{"title":"%titolo% %sep% %nomesito%","description":"","focus_keyword":"","canonical_url":"","robots":"","primary_category":"1185","breadcrumb_title":"","facebook_title":"","facebook_description":"","facebook_image":"","facebook_image_id":"","twitter_title":"","twitter_description":"","twitter_image":"","twitter_image_id":"","twitter_card_type":"","twitter_use_facebook":"","advanced_robots":"","pillar_content":"","seo_score":"","contentai_score":"","rich_snippet":""},"_links":{"self":[{"href":"https:\/\/dailynewshungary.com\/it\/wp-json\/wp\/v2\/posts\/732144","targetHints":{"allow":["GET"]}}],"collection":[{"href":"https:\/\/dailynewshungary.com\/it\/wp-json\/wp\/v2\/posts"}],"about":[{"href":"https:\/\/dailynewshungary.com\/it\/wp-json\/wp\/v2\/types\/post"}],"author":[{"embeddable":true,"href":"https:\/\/dailynewshungary.com\/it\/wp-json\/wp\/v2\/users\/2"}],"replies":[{"embeddable":true,"href":"https:\/\/dailynewshungary.com\/it\/wp-json\/wp\/v2\/comments?post=732144"}],"version-history":[{"count":0,"href":"https:\/\/dailynewshungary.com\/it\/wp-json\/wp\/v2\/posts\/732144\/revisions"}],"wp:featuredmedia":[{"embeddable":true,"href":"https:\/\/dailynewshungary.com\/it\/wp-json\/wp\/v2\/media\/732145"}],"wp:attachment":[{"href":"https:\/\/dailynewshungary.com\/it\/wp-json\/wp\/v2\/media?parent=732144"}],"wp:term":[{"taxonomy":"category","embeddable":true,"href":"https:\/\/dailynewshungary.com\/it\/wp-json\/wp\/v2\/categories?post=732144"},{"taxonomy":"post_tag","embeddable":true,"href":"https:\/\/dailynewshungary.com\/it\/wp-json\/wp\/v2\/tags?post=732144"}],"curies":[{"name":"wp","href":"https:\/\/api.w.org\/{rel}","templated":true}]}}