{"id":732378,"date":"2015-06-06T18:00:08","date_gmt":"2015-06-06T16:00:08","guid":{"rendered":"https:\/\/dailynewshungary.com\/it\/lospedale-ungherese-puo-essere-costruito-in-transilvania\/"},"modified":"2015-06-06T18:00:08","modified_gmt":"2015-06-06T16:00:08","slug":"lospedale-ungherese-puo-essere-costruito-in-transilvania","status":"publish","type":"post","link":"https:\/\/dailynewshungary.com\/it\/lospedale-ungherese-puo-essere-costruito-in-transilvania\/","title":{"rendered":"L\u2019ospedale ungherese pu\u00f2 essere costruito in Transilvania"},"content":{"rendered":"<p><strong>Secondo origo.hu, il governo ungherese avrebbe costruito un ospedale in Transilvania L&#8217;istituzione sarebbe stata gestita con lo stato rumeno.<\/strong><\/p>\n<p>\u00c8 abbastanza spesso che i transilvani non usano il rumeno, ma l&#8217;assistenza sanitaria ungherese, il che \u00e8 del tutto corretto. Il Segretario di Stato per la Sanit\u00e0 Zombor ha detto al quotidiano Magyar Nemzet che non ci sono quasi medici e infermieri di lingua ungherese oltre confine, quindi gli ungheresi locali spesso non sanno come spiegare le loro lamentele.<\/p>\n<p>Il Segretario di Stato ha detto al giornale che gli ungheresi in Romania possono essere risolti con la costruzione di un ospedale con un dipartimento locale di pronto soccorso e di terapia intensiva (ha detto il Segretario di Stato ungherese) Il governo ungherese gestir\u00e0 l&#8217;istituzione dello Stato rumeno.<\/p>\n<p>Non solo i medici e gli infermieri che lavorano nella sanit\u00e0 pubblica stanno suonando il campanello d&#8217;allarme, ma anche i medici privati si aspettano risposte Non ci sono antipiretici, pannolini, salviette umidificate Non ci sono medici, e presto non ci saranno collaboratori in Ungheria Gabriella Lantos, Chief Operating Officer di Robert Hospital ha detto a origo.hu.<\/p>\n<p>In Ungheria mancano 26mila infermieri. A Szeged, la citt\u00e0 universitaria, la clinica pediatrica ha dovuto essere chiusa, perch\u00e9 non c&#8217;erano medici, le infermiere protestano, indossando un nastro nero. Il 1\u00b0 luglio, giorno del Semmelweis, stanno preparando un&#8217;altra protesta.<\/p>\n<p><em>basato sull&#8217;articolo di origo.hu<br \/>\ntradotto da BA<\/em><\/p>\n<p><em>Foto: MTI<\/em><\/p>\n","protected":false},"excerpt":{"rendered":"<p>Secondo origo.hu, il governo ungherese avrebbe costruito un ospedale in Transilvania L&#8217;istituzione sarebbe stata gestita con lo stato rumeno. \u00c8 abbastanza spesso che i transilvani non usano il rumeno, ma l&#8217;assistenza sanitaria ungherese, il che \u00e8 del tutto corretto. Il Segretario di Stato per la Sanit\u00e0 Zombor ha detto al quotidiano Magyar Nemzet che non [&hellip;]<\/p>\n","protected":false},"author":3,"featured_media":732379,"comment_status":"open","ping_status":"open","sticky":false,"template":"","format":"standard","meta":{"_display_image":"","footnotes":""},"categories":[1207],"tags":[1171,1113],"class_list":["post-732378","post","type-post","status-publish","format-standard","has-post-thumbnail","hentry","category-societa-in-ungheria","tag-romania","tag-salute"],"blocksy_meta":[],"author_username":"becsi","telegram_post":"","public_post_metadata":{"breaking_news":"","important":"","csempe":"","center_tile":"","disable_thumbnail":"","target_lang":"","_featured_image_style":"","telegram_post":"","_xlat_group_id":""},"public_rank_math_data":{"title":"%titolo% %sep% %nomesito%","description":"","focus_keyword":"","canonical_url":"","robots":"","primary_category":"1207","breadcrumb_title":"","facebook_title":"","facebook_description":"","facebook_image":"","facebook_image_id":"","twitter_title":"","twitter_description":"","twitter_image":"","twitter_image_id":"","twitter_card_type":"","twitter_use_facebook":"","advanced_robots":"","pillar_content":"","seo_score":"","contentai_score":"","rich_snippet":""},"_links":{"self":[{"href":"https:\/\/dailynewshungary.com\/it\/wp-json\/wp\/v2\/posts\/732378","targetHints":{"allow":["GET"]}}],"collection":[{"href":"https:\/\/dailynewshungary.com\/it\/wp-json\/wp\/v2\/posts"}],"about":[{"href":"https:\/\/dailynewshungary.com\/it\/wp-json\/wp\/v2\/types\/post"}],"author":[{"embeddable":true,"href":"https:\/\/dailynewshungary.com\/it\/wp-json\/wp\/v2\/users\/3"}],"replies":[{"embeddable":true,"href":"https:\/\/dailynewshungary.com\/it\/wp-json\/wp\/v2\/comments?post=732378"}],"version-history":[{"count":0,"href":"https:\/\/dailynewshungary.com\/it\/wp-json\/wp\/v2\/posts\/732378\/revisions"}],"wp:featuredmedia":[{"embeddable":true,"href":"https:\/\/dailynewshungary.com\/it\/wp-json\/wp\/v2\/media\/732379"}],"wp:attachment":[{"href":"https:\/\/dailynewshungary.com\/it\/wp-json\/wp\/v2\/media?parent=732378"}],"wp:term":[{"taxonomy":"category","embeddable":true,"href":"https:\/\/dailynewshungary.com\/it\/wp-json\/wp\/v2\/categories?post=732378"},{"taxonomy":"post_tag","embeddable":true,"href":"https:\/\/dailynewshungary.com\/it\/wp-json\/wp\/v2\/tags?post=732378"}],"curies":[{"name":"wp","href":"https:\/\/api.w.org\/{rel}","templated":true}]}}