{"id":732405,"date":"2015-06-05T11:14:44","date_gmt":"2015-06-05T09:14:44","guid":{"rendered":"https:\/\/dailynewshungary.com\/it\/orban-lue-dovrebbe-consentire-ai-membri-di-decidere-chi-ammettere\/"},"modified":"2015-06-05T11:14:44","modified_gmt":"2015-06-05T09:14:44","slug":"orban-lue-dovrebbe-consentire-ai-membri-di-decidere-chi-ammettere","status":"publish","type":"post","link":"https:\/\/dailynewshungary.com\/it\/orban-lue-dovrebbe-consentire-ai-membri-di-decidere-chi-ammettere\/","title":{"rendered":"Orban: l\u2019UE dovrebbe consentire ai membri di decidere chi ammettere"},"content":{"rendered":"<p><strong>Budapest, 5 giugno (MTI) I paesi con il diritto pi\u00f9 fondamentale dovrebbero avere la \u201c, il diritto di revoca, per decidere quali migranti consentire l&#8217;ingresso, ha detto venerd\u00ec mattina alla radio pubblica Kossuth il primo ministro Viktor Orban.<\/strong><\/p>\n<p>Orban ha criticato le politiche migratorie dell&#8217;Unione Europea, aggiungendo che \u201cse non ci imponessero regole irrealistiche non ci sarebbero rifugiati in Ungheria. Avremmo gi\u00e0 rimandato a casa tutti quelli che abbiamo qui\u201d<\/p>\n<p>Orban ha insistito sul fatto che le regole sull&#8217;immigrazione dovrebbero essere una competenza nazionale oppure che le regole dell&#8217;UE devono essere rese in un&#8217;idea realistica.<\/p>\n<p>Il primo ministro ha anche detto che tutti i migranti che provengono dalla direzione della Grecia e della Serbia, non sono pi\u00f9 rifugiati politici quando raggiungono l&#8217;Ungheria perch\u00e9 \u201cnon provengono dai paesi in cui fuggono\u201d.<\/p>\n<p>Per quanto riguarda la proposta della Commissione Europea di una quota di migranti da gestire per ciascun paese, Orban ha affermato che si tratta di un&#8217;idea di \u201c\u201d fallita e gli Stati membri sicuramente la respingeranno in un prossimo vertice.<\/p>\n<p>Orban ha affermato che alcuni paesi in Europa hanno una posizione di\u201d ancora pi\u00f9 radicale sulla migrazione, citando i Paesi Bassi e il Regno Unito come esempi. \u201cDiversi cori si sentono contemporaneamente in Europa, e la nostra posizione ha sostenitori molto seri e forti, ha detto\u201d.<\/p>\n<p>La consultazione nazionale dell&#8217;Ungheria sull&#8217;immigrazione \u00e8 \u201cfair e open\u201d, ha detto il primo ministro, ma ha ammesso che le domande incluse non erano \u201cimmigrant-friendly\u201d. \u201cPerch\u00e9 dovremmo amare gli immigrati, quando i residenti li vedono come un pericolo o una minaccia?\u201d Ha anche suggerito che la sinistra ungherese, d&#8217;altra parte, \u201csostiene che pi\u00f9 migranti ammettono la migliore\u201d.<\/p>\n<p>Orban respinse un&#8217;analogia tra gli ungheresi fuggiti dal paese nel e dopo il 1956 e gli immigrati di oggi Sosteneva che l&#8217;Austria aveva istituito centri di accoglienza per ungheresi, e da quei centri i rifugiati potevano richiedere all&#8217;uno o all&#8217;altro paese un permesso di insediamento. \u201cQuelle domande poi furono accettate o respinte, ha insistito\u201d.<\/p>\n<p>Nel frattempo, il primo ministro ha accolto con favore i piani per una pi\u00f9 stretta cooperazione tra i paesi che utilizzano l\u2019euro. Allo stesso tempo, formalizzare un blocco a doppia velocit\u00e0 sulla falsariga di quei paesi all\u2019interno della zona euro e di quelli al di fuori di essa sarebbe indesiderabile, ha aggiunto.<\/p>\n<p>Riassumendo i risultati dei cinque anni del suo governo, Orban ha affermato che il sistema finanziario \u00e8 stabile, non c&#8217;\u00e8 inflazione, le tasse sui servizi pubblici sono state tagliate e \u201ctutti confidano nel futuro dell&#8217;economia\u201d. Ha anche detto che gli investimenti sono in aumento e anche il fatturato del commercio estero sta migliorando. Ha aggiunto, tuttavia, che \u201cnon viviamo ancora come vorremmo\u201d e \u201c\u00e8 ora il momento di lavorare per garantire &#8230; condizioni di classe media\u201d. Il governo richiede maggiori consultazioni da parte dei membri del gabinetto; \u201c\u00e8 necessario chiarire che se il governo funziona bene, ci saranno pi\u00f9 posti di lavoro, meno tasse, maggiore sicurezza e una vita pi\u00f9 confortevole,\u201d, ha detto.<\/p>\n<p>Rispondendo a una domanda sugli errori che potrebbe aver commesso, Orban ha detto che se avesse elencato tutti gli errori durante i dieci anni del suo mandato \u201c saremmo rimasti qui tutta la mattina e il pomeriggio\u201d, ma ha aggiunto che \u201cil punto non \u00e8 insistere sui propri errori e il i partiti al potere hanno la capacit\u00e0 di lasciarli indietro\u201d.<\/p>\n<p><em>Foto: MTI<\/em><\/p>\n","protected":false},"excerpt":{"rendered":"<p>Budapest, 5 giugno (MTI) I paesi con il diritto pi\u00f9 fondamentale dovrebbero avere la \u201c, il diritto di revoca, per decidere quali migranti consentire l&#8217;ingresso, ha detto venerd\u00ec mattina alla radio pubblica Kossuth il primo ministro Viktor Orban. Orban ha criticato le politiche migratorie dell&#8217;Unione Europea, aggiungendo che \u201cse non ci imponessero regole irrealistiche non [&hellip;]<\/p>\n","protected":false},"author":2,"featured_media":732406,"comment_status":"open","ping_status":"open","sticky":false,"template":"","format":"standard","meta":{"_display_image":"","footnotes":""},"categories":[1185],"tags":[1075,1083],"class_list":["post-732405","post","type-post","status-publish","format-standard","has-post-thumbnail","hentry","category-politica-in-ungheria","tag-unione-europea","tag-viktor-orban"],"blocksy_meta":[],"author_username":"alk","telegram_post":"","public_post_metadata":{"breaking_news":"","important":"","csempe":"","center_tile":"","disable_thumbnail":"","target_lang":"","_featured_image_style":"","telegram_post":"","_xlat_group_id":""},"public_rank_math_data":{"title":"%titolo% %sep% %nomesito%","description":"","focus_keyword":"","canonical_url":"","robots":"","primary_category":"1185","breadcrumb_title":"","facebook_title":"","facebook_description":"","facebook_image":"","facebook_image_id":"","twitter_title":"","twitter_description":"","twitter_image":"","twitter_image_id":"","twitter_card_type":"","twitter_use_facebook":"","advanced_robots":"","pillar_content":"","seo_score":"","contentai_score":"","rich_snippet":""},"_links":{"self":[{"href":"https:\/\/dailynewshungary.com\/it\/wp-json\/wp\/v2\/posts\/732405","targetHints":{"allow":["GET"]}}],"collection":[{"href":"https:\/\/dailynewshungary.com\/it\/wp-json\/wp\/v2\/posts"}],"about":[{"href":"https:\/\/dailynewshungary.com\/it\/wp-json\/wp\/v2\/types\/post"}],"author":[{"embeddable":true,"href":"https:\/\/dailynewshungary.com\/it\/wp-json\/wp\/v2\/users\/2"}],"replies":[{"embeddable":true,"href":"https:\/\/dailynewshungary.com\/it\/wp-json\/wp\/v2\/comments?post=732405"}],"version-history":[{"count":0,"href":"https:\/\/dailynewshungary.com\/it\/wp-json\/wp\/v2\/posts\/732405\/revisions"}],"wp:featuredmedia":[{"embeddable":true,"href":"https:\/\/dailynewshungary.com\/it\/wp-json\/wp\/v2\/media\/732406"}],"wp:attachment":[{"href":"https:\/\/dailynewshungary.com\/it\/wp-json\/wp\/v2\/media?parent=732405"}],"wp:term":[{"taxonomy":"category","embeddable":true,"href":"https:\/\/dailynewshungary.com\/it\/wp-json\/wp\/v2\/categories?post=732405"},{"taxonomy":"post_tag","embeddable":true,"href":"https:\/\/dailynewshungary.com\/it\/wp-json\/wp\/v2\/tags?post=732405"}],"curies":[{"name":"wp","href":"https:\/\/api.w.org\/{rel}","templated":true}]}}