{"id":732471,"date":"2015-06-02T13:30:49","date_gmt":"2015-06-02T11:30:49","guid":{"rendered":"https:\/\/dailynewshungary.com\/it\/tre-comuni-ungheresi-in-corsa-per-il-titolo-di-capitale-ugro-finnica-della-cultura\/"},"modified":"2015-06-02T13:30:49","modified_gmt":"2015-06-02T11:30:49","slug":"tre-comuni-ungheresi-in-corsa-per-il-titolo-di-capitale-ugro-finnica-della-cultura","status":"publish","type":"post","link":"https:\/\/dailynewshungary.com\/it\/tre-comuni-ungheresi-in-corsa-per-il-titolo-di-capitale-ugro-finnica-della-cultura\/","title":{"rendered":"Tre comuni ungheresi in corsa per il titolo di Capitale ugro-finnica della cultura"},"content":{"rendered":"<p><strong>Budapest (MTI) 3 comuni ungheresi, vale a dire Veszprem, Iszkaszentgyorgy (Ungheria centrale) e Nagykallo (Ungheria orientale), hanno presentato offerte per il titolo di Capitale ugro-finnica della cultura nel 2016, un rappresentante della Capitale ugro-finnica della Cultura L&#8217;ufficio della Cultura ha detto luned\u00ec a MTI.<\/strong><\/p>\n<p>L&#8217;iniziativa dell&#8217;Associazione giovanile dei popoli ugro-finnici (MAFUN) mira a rafforzare l&#8217;identit\u00e0 nazionale delle nazioni ugro-finniche (Estonia, Finlandia e Ungheria) e delle comunit\u00e0 etniche ugro-finniche che vivono in Russia.<\/p>\n<p>Peter Aranyi ha detto che \u00e8 la seconda volta che Veszprem presenta la sua domanda, mentre la citt\u00e0 di Nagykallo (nella foto) e il villaggio di Iszkaszentgyorgy sono nuovi arrivati Aranyi ha detto che tutte e tre le domande soddisfano i requisiti formali.<\/p>\n<p>Dato che la Capitale della Cultura dello scorso anno era un villaggio estone sud-orientale, le citt\u00e0 o i paesi della regione baltica non possono presentare domanda quest&#8217;anno Le domande possono essere presentate da citt\u00e0 e villaggi della Russia settentrionale, comuni lungo il fiume Volga e citt\u00e0 e villaggi di lingua ungherese del bacino dei Carpazi.<\/p>\n<p>Aranyi ha affermato che ci sono buone possibilit\u00e0 che una localit\u00e0 ungherese venga annunciata vincitrice, poich\u00e9 la rotazione geografica viene presa in considerazione anche nella valutazione delle domande presentate tra il 2014 e il 2017 e perch\u00e9 \u00e8 improbabile che le regioni russe presentino domande.<\/p>\n<p><em>Foto:&nbsp;<span style=\"color: #0000ff;\"><a style=\"color: #0000ff;\" href=\"http:\/\/www.latogatokozpont-szabolcs.hu\/nagykallo\/\" target=\"_blank\" rel=\"noopener\">http:\/\/www.latogatokozpont-szabolcs.hu\/nagykallo\/<\/a><\/span><\/em><\/p>\n","protected":false},"excerpt":{"rendered":"<p>Budapest (MTI) 3 comuni ungheresi, vale a dire Veszprem, Iszkaszentgyorgy (Ungheria centrale) e Nagykallo (Ungheria orientale), hanno presentato offerte per il titolo di Capitale ugro-finnica della cultura nel 2016, un rappresentante della Capitale ugro-finnica della Cultura L&#8217;ufficio della Cultura ha detto luned\u00ec a MTI. L&#8217;iniziativa dell&#8217;Associazione giovanile dei popoli ugro-finnici (MAFUN) mira a rafforzare l&#8217;identit\u00e0 [&hellip;]<\/p>\n","protected":false},"author":2,"featured_media":732472,"comment_status":"open","ping_status":"open","sticky":false,"template":"","format":"standard","meta":{"_display_image":"","footnotes":""},"categories":[1304],"tags":[1223],"class_list":["post-732471","post","type-post","status-publish","format-standard","has-post-thumbnail","hentry","category-cultura-in-ungheria","tag-storia"],"blocksy_meta":[],"author_username":"alk","telegram_post":"","public_post_metadata":{"breaking_news":"","important":"","csempe":"","center_tile":"","disable_thumbnail":"","target_lang":"","_featured_image_style":"","telegram_post":"","_xlat_group_id":""},"public_rank_math_data":{"title":"%titolo% %sep% %nomesito%","description":"","focus_keyword":"","canonical_url":"","robots":"","primary_category":"1304","breadcrumb_title":"","facebook_title":"","facebook_description":"","facebook_image":"","facebook_image_id":"","twitter_title":"","twitter_description":"","twitter_image":"","twitter_image_id":"","twitter_card_type":"","twitter_use_facebook":"","advanced_robots":"","pillar_content":"","seo_score":"","contentai_score":"","rich_snippet":""},"_links":{"self":[{"href":"https:\/\/dailynewshungary.com\/it\/wp-json\/wp\/v2\/posts\/732471","targetHints":{"allow":["GET"]}}],"collection":[{"href":"https:\/\/dailynewshungary.com\/it\/wp-json\/wp\/v2\/posts"}],"about":[{"href":"https:\/\/dailynewshungary.com\/it\/wp-json\/wp\/v2\/types\/post"}],"author":[{"embeddable":true,"href":"https:\/\/dailynewshungary.com\/it\/wp-json\/wp\/v2\/users\/2"}],"replies":[{"embeddable":true,"href":"https:\/\/dailynewshungary.com\/it\/wp-json\/wp\/v2\/comments?post=732471"}],"version-history":[{"count":0,"href":"https:\/\/dailynewshungary.com\/it\/wp-json\/wp\/v2\/posts\/732471\/revisions"}],"wp:featuredmedia":[{"embeddable":true,"href":"https:\/\/dailynewshungary.com\/it\/wp-json\/wp\/v2\/media\/732472"}],"wp:attachment":[{"href":"https:\/\/dailynewshungary.com\/it\/wp-json\/wp\/v2\/media?parent=732471"}],"wp:term":[{"taxonomy":"category","embeddable":true,"href":"https:\/\/dailynewshungary.com\/it\/wp-json\/wp\/v2\/categories?post=732471"},{"taxonomy":"post_tag","embeddable":true,"href":"https:\/\/dailynewshungary.com\/it\/wp-json\/wp\/v2\/tags?post=732471"}],"curies":[{"name":"wp","href":"https:\/\/api.w.org\/{rel}","templated":true}]}}