{"id":732511,"date":"2015-05-30T18:01:42","date_gmt":"2015-05-30T16:01:42","guid":{"rendered":"https:\/\/dailynewshungary.com\/it\/vonaogni-mattina-ci-svegliamo-preparati-a-governare\/"},"modified":"2015-05-30T18:01:42","modified_gmt":"2015-05-30T16:01:42","slug":"vonaogni-mattina-ci-svegliamo-preparati-a-governare","status":"publish","type":"post","link":"https:\/\/dailynewshungary.com\/it\/vonaogni-mattina-ci-svegliamo-preparati-a-governare\/","title":{"rendered":"Vona:\u201cOgni mattina ci svegliamo preparati a governare\u201d"},"content":{"rendered":"<p><strong>Budapest, 3 maggio (MTI) Gabor Vona, leader del nazionalista radicale Jobbik, ha dichiarato sabato al congresso del partito che \u201cci svegliamo ogni mattina pronti a governare\u201d.<\/strong><\/p>\n<p>Vona ha detto che il primo ministro Viktor Orban aveva gi\u00e0 ammesso nel suo discorso sullo stato della nazione venerd\u00ec che la sfida principale al partito al potere Fidesz proviene da Jobbik. Ha detto che nelle elezioni generali del 2018 la vera competizione sarebbe stata tra Fidesz e Jobbik.<\/p>\n<p>\u201cVinceremo le elezioni; faremo un respiro profondo e poi ricostruiremo il nostro Paese, ha detto, sottolineando che il corso politico che Jobbik stava seguendo era nella direzione di un partito popolare.<\/p>\n<p>Il leader di Jobbik ha detto che l&#8217;anno scorso era stato un processo elettorale Era gi\u00e0 evidente all&#8217;inizio del 2015 che Fidesz era entrato in una spirale negativa di popolarit\u00e0, ha detto Il risultato delle elezioni suppletive di Veszprem ha mostrato che c&#8217;\u00e8 l&#8217;umore per un cambio di governo mentre le elezioni suppletive di Tapolca hanno dimostrato che esiste un partito, sotto forma di Jobbik, che pu\u00f2 agire come alternativa di governo e battere Orban, ha aggiunto.<\/p>\n<p>Ha detto che non sottovaluta la sinistra, ma \u00e8 chiaro che la sinistra ha sofferto della mancanza di un programma e della disunit\u00e0.<\/p>\n<p>Per la vittoria sono necessari un programma forte e una forza calma, ha detto, aggiungendo che Orban ha cominciato a vedere che c&#8217;\u00e8 bisogno di cambiare; \u201ce anche lui parla di politiche a favore delle persone.\u201d Vona ha detto che ci\u00f2 equivale ad ammettere che Fidesz non aveva perseguito tali politiche in passato. Ma tale ammissione mancherebbe di credibilit\u00e0 poich\u00e9 sarebbe una mera fantasia politica piuttosto che un articolo autentico.<\/p>\n<p>A proposito delle politiche del partito popolare, ha detto che \u00e8 necessario parlarne adesso, poich\u00e9 nella sede della battaglia non ci sar\u00e0 tempo per una consultazione tattica.<\/p>\n<p>Vona ha insistito sul fatto che Fidesz e il principale partito socialista di opposizione di sinistra sono radicati nel XX secolo e in una lotta infruttuosa tra loro Nel frattempo, per\u00f2, \u201cviviamo nel 21\u00b0 secolo\u201d Ha portato l&#8217;esempio del memoriale alle vittime dell&#8217;occupazione tedesca eretto su iniziativa del governo Fidesz in piazza Szabadsag, dicendo: \u201cAbbiamo davvero fatto un ulteriore passo avanti con il fatto che Fidesz l&#8217;ha costruita e i socialisti hanno protestato contro di essa?\u201d Il paese intanto, ha aggiunto, sta passando sotto\u201d, la gente se ne va e le famiglie sono indigenti.<\/p>\n<p>Jobbik deve mobilitare il Paese a partire dal XX secolo, ha affermato. Alle persone devono essere mostrate le vere linee di faglia, che non sono quelle che dividono destra e sinistra ma quelle che dividono il XX e il XXI secolo, ha aggiunto.<\/p>\n<p>Vona ha detto che era uscito dalla trincea e che veniva colpito da entrambe le parti. Sarebbe meglio, ha detto, se anche chi lo vede come un nazista uscisse dalla trincea e \u201c avesse il coraggio di dire: basta\u201d.<\/p>\n<p>Il leader di Jobbik ha detto che il cambiamento \u00e8 doloroso, ma tutto ci\u00f2 che non riesce a cambiare muore.<\/p>\n<blockquote>\n<p>\u201cChiunque abbia un romantico desiderio nazista&#8230; non ha posto in questa festa,\u201d ha detto.<\/p>\n<\/blockquote>\n<p>Il parlamentare di Fidesz Szilard Nemeth ha dichiarato sabato in una conferenza stampa che il leader di Jobbik stava fuorviando le persone e, se vuoi, mentiva nell&#8217;interesse del suo partito.<\/p>\n<p>\u201cGabor Vona ha sempre ingannato i membri del suo stesso partito, i membri del parlamento ungherese e l&#8217;intero paese, ha insistito.<\/p>\n<p>Ha detto che Vona, nel suo discorso al parlamento di marted\u00ec e nel congresso di Jobbik di sabato, ha insistito sul fatto che non aveva mai rappresentato la posizione secondo cui l&#8217;Ungheria dovrebbe uscire dall&#8217;Unione Europea Ma le prove dimostrano il contrario, ha detto Nemeth, citando un comunicato stampa di Jobbik del 2012 e una manifestazione pubblica tenuta da Jobbik nello stesso anno, in cui Vona sottolineava che l&#8217;Ungheria avrebbe dovuto lasciare l&#8217;UE.<\/p>\n<p>Il politico di Fidesz ha aggiunto: \u201cNon si pu\u00f2 costruire in Ungheria su una politica di menzogne &#8230; Questo \u00e8 qualcosa che ormai sappiamo molto bene fin dai tempi di Ferenc Gyurcsany, ha detto, riferendosi all&#8217;ex primo ministro socialista.<\/p>\n<p>Nemeth aggiunse che Vona aveva rafforzato l&#8217;impressione che il suo partito e lui stesso fossero simili ai comunisti e al movimento comunista.<\/p>\n<p>Il vice leader socialista Istvan Ujhelyi ha affermato che sia Jobbik che Fidesz al potere hanno fatto una svolta di \u201csham\u201d verso l&#8217;Europa. In una dichiarazione inviata al MTI, Ujhelyi ha affermato che i due partiti erano in una competizione di \u201cpatetica e falsa tratta per dimostrare di non essere anti-UE, mentre \u201cone combatte una guerra di libert\u00e0 contro la comunit\u00e0 e suggerisce che la vita \u00e8 possibile al di fuori dell&#8217;EU\u201d e l&#8217;altra \u201c brucia la bandiera dell&#8217;UE\u201d e sostiene la cessazione dell&#8217;adesione dell&#8217;Ungheria all&#8217;UE.<\/p>\n<p>Essere europei significa abbracciare la libert\u00e0, l\u2019uguaglianza e la solidariet\u00e0, mentre sia Fidesz che Jobbik negano apertamente quei valori europei, ha insistito Ujhelyi.<\/p>\n<p><em>Foto: MTI, alfahir<\/em><\/p>\n","protected":false},"excerpt":{"rendered":"<p>Budapest, 3 maggio (MTI) Gabor Vona, leader del nazionalista radicale Jobbik, ha dichiarato sabato al congresso del partito che \u201cci svegliamo ogni mattina pronti a governare\u201d. Vona ha detto che il primo ministro Viktor Orban aveva gi\u00e0 ammesso nel suo discorso sullo stato della nazione venerd\u00ec che la sfida principale al partito al potere Fidesz [&hellip;]<\/p>\n","protected":false},"author":2,"featured_media":732512,"comment_status":"open","ping_status":"open","sticky":false,"template":"","format":"standard","meta":{"_display_image":"","footnotes":""},"categories":[1185],"tags":[1412],"class_list":["post-732511","post","type-post","status-publish","format-standard","has-post-thumbnail","hentry","category-politica-in-ungheria","tag-jobbik"],"blocksy_meta":[],"author_username":"alk","telegram_post":"","public_post_metadata":{"breaking_news":"","important":"","csempe":"","center_tile":"","disable_thumbnail":"","target_lang":"","_featured_image_style":"","telegram_post":"","_xlat_group_id":""},"public_rank_math_data":{"title":"%titolo% %sep% %nomesito%","description":"","focus_keyword":"","canonical_url":"","robots":"","primary_category":"1185","breadcrumb_title":"","facebook_title":"","facebook_description":"","facebook_image":"","facebook_image_id":"","twitter_title":"","twitter_description":"","twitter_image":"","twitter_image_id":"","twitter_card_type":"","twitter_use_facebook":"","advanced_robots":"","pillar_content":"","seo_score":"","contentai_score":"","rich_snippet":""},"_links":{"self":[{"href":"https:\/\/dailynewshungary.com\/it\/wp-json\/wp\/v2\/posts\/732511","targetHints":{"allow":["GET"]}}],"collection":[{"href":"https:\/\/dailynewshungary.com\/it\/wp-json\/wp\/v2\/posts"}],"about":[{"href":"https:\/\/dailynewshungary.com\/it\/wp-json\/wp\/v2\/types\/post"}],"author":[{"embeddable":true,"href":"https:\/\/dailynewshungary.com\/it\/wp-json\/wp\/v2\/users\/2"}],"replies":[{"embeddable":true,"href":"https:\/\/dailynewshungary.com\/it\/wp-json\/wp\/v2\/comments?post=732511"}],"version-history":[{"count":0,"href":"https:\/\/dailynewshungary.com\/it\/wp-json\/wp\/v2\/posts\/732511\/revisions"}],"wp:featuredmedia":[{"embeddable":true,"href":"https:\/\/dailynewshungary.com\/it\/wp-json\/wp\/v2\/media\/732512"}],"wp:attachment":[{"href":"https:\/\/dailynewshungary.com\/it\/wp-json\/wp\/v2\/media?parent=732511"}],"wp:term":[{"taxonomy":"category","embeddable":true,"href":"https:\/\/dailynewshungary.com\/it\/wp-json\/wp\/v2\/categories?post=732511"},{"taxonomy":"post_tag","embeddable":true,"href":"https:\/\/dailynewshungary.com\/it\/wp-json\/wp\/v2\/tags?post=732511"}],"curies":[{"name":"wp","href":"https:\/\/api.w.org\/{rel}","templated":true}]}}