{"id":732546,"date":"2015-05-29T17:12:30","date_gmt":"2015-05-29T15:12:30","guid":{"rendered":"https:\/\/dailynewshungary.com\/it\/il-primo-ministro-orban-paragona-lungheria-alla-fregata-stabile\/"},"modified":"2015-05-29T17:12:30","modified_gmt":"2015-05-29T15:12:30","slug":"il-primo-ministro-orban-paragona-lungheria-alla-fregata-stabile","status":"publish","type":"post","link":"https:\/\/dailynewshungary.com\/it\/il-primo-ministro-orban-paragona-lungheria-alla-fregata-stabile\/","title":{"rendered":"Il Primo Ministro Orban paragona l\u2019Ungheria alla fregata stabile"},"content":{"rendered":"<p><strong>Budapest, 9 maggio (MTI) 2 L&#8217;Ungheria \u00e8 un paese forte con solide basi, con una buona prestazione paragonabile a quella degli altri membri dell&#8217;Unione Europea, ha detto venerd\u00ec a Budapest il primo ministro Viktor Orban in una conferenza in occasione del quinto anniversario del suo governo.<\/strong><\/p>\n<p>Nel 2010, l&#8217;Ungheria era in rovina dopo \u201cotto anni di re\u201d del governo socialista e la crisi scoppiata nel 2008, ma ora \u201cla fregata ungherese \u00e8 stable\u201d, ha detto Orban. \u201cMa c&#8217;\u00e8 ancora molto da fare sul ponte, re\u201d ha aggiunto.<\/p>\n<p>Orban ha affermato che l&#8217;Ungheria ha compiuto progressi impressionanti dal 2010, pur ammettendo che sono stati commessi alcuni errori, come il piano di estensione della tassa sulle telecomunicazioni.<\/p>\n<p>\u201cVogliamo essere il miglior governo di sempre per ogni ungherese, ha detto\u201d Orban, aggiungendo che \u201cUngheria continua ad essere la priorit\u00e0 numero uno per questo governo\u201d.<\/p>\n<p>Nel suo discorso, il primo ministro ha esortato una nuova era, concentrandosi sugli sforzi per garantire alle persone un&#8217;\u201clice classe media living standard\u201d Ha aggiunto che il bilancio del prossimo anno \u00e8 gi\u00e0 un passo in quella direzione Orban ha detto che in un sistema civico le politiche non sono fatte \u201chigh sopra\u201d ma i policy makers \u201cbussano alle porte delle persone e cercano soluzioni ai loro problemi\u201d. \u201cVogliamo costruire un paese confortevole per le persone che lavorano e vivono con salari o stipendi,\u201d ha detto.<\/p>\n<p>Ha insistito sul fatto che questo significa anche che l&#8217;Ungheria rimarr\u00e0 un paese per gli ungheresi. \u201cSicurezza, prosperit\u00e0 e benessere per gli ungheresi vengono prima di tutto, ha detto\u201d Orban. \u201cPi\u00f9 posti di lavoro, meno tasse, sostegno alle famiglie, maggiore ordine ma meno regole, vita pi\u00f9 confortevole, orgoglio e impegno, ha aggiunto il primo ministro.<\/p>\n<p>Negli ultimi cinque anni \u201cla parola chiave per il governo era power\u201d, ha detto Orban, e ha promesso che d&#8217;ora in poi l&#8217;\u201cascolto del popolo\u201d sarebbe al centro dell&#8217;attenzione. Ha sostenuto che gli sforzi finora si sono concentrati sul rafforzamento di un paese di re\u201d criticamente indebolito, e sebbene una leadership forte non debba perdere la sua presa, prestare attenzione ai problemi quotidiani delle persone sarebbe una priorit\u00e0 assoluta.<\/p>\n<p>Su un altro argomento, Orban ha detto che nessuno \u00e8 al di sopra della legge, e a nessuno \u00e8 permesso abusare di una posizione vantaggiosa, ma non \u00e8 accettabile, n\u00e9 che alcune persone siano attaccate per invidia, solo perch\u00e9 sono coraggiose e hanno successo\u201d. \u201cAbuso e calunnia devono essere accolti con tolleranza zero, ha aggiunto\u201d.<\/p>\n<p>Riguardo all&#8217;Unione Europea, Orban si \u00e8 detto pronto al dibattito con la comunit\u00e0, ma \u00e8 fermamente contrario a \u201cchiunque cacci il paese fuori dall&#8217;UE o dalla NATO\u201d. \u201cPer noi ungheresi sono una famiglia,\u201d ha detto, aggiungendo che \u201cnon siamo pronti per una divorce\u201d.<\/p>\n<p>Orban ha anche espresso impegno per una \u201c\u201d libera e indipendente Ungheria, e ha insistito sul fatto che la sovranit\u00e0 dell&#8217;Ungheria \u00e8 \u201cnon negoziabile\u201d.<\/p>\n<p>Riferendosi alla nuova posizione dell&#8217;UE sull&#8217;immigrazione, Orban ha affermato che se qualcuno cerca di privarmi del mio diritto fondamentale di selezionare coloro che desidero far entrare nella mia casa, famiglia o patria, non mi augura buone ma cattive\u201d.<\/p>\n<p><em>Foto: MTI<\/em><\/p>\n","protected":false},"excerpt":{"rendered":"<p>Budapest, 9 maggio (MTI) 2 L&#8217;Ungheria \u00e8 un paese forte con solide basi, con una buona prestazione paragonabile a quella degli altri membri dell&#8217;Unione Europea, ha detto venerd\u00ec a Budapest il primo ministro Viktor Orban in una conferenza in occasione del quinto anniversario del suo governo. Nel 2010, l&#8217;Ungheria era in rovina dopo \u201cotto anni [&hellip;]<\/p>\n","protected":false},"author":2,"featured_media":732547,"comment_status":"open","ping_status":"open","sticky":false,"template":"","format":"standard","meta":{"_display_image":"","footnotes":""},"categories":[1185],"tags":[1083],"class_list":["post-732546","post","type-post","status-publish","format-standard","has-post-thumbnail","hentry","category-politica-in-ungheria","tag-viktor-orban"],"blocksy_meta":[],"author_username":"alk","telegram_post":"","public_post_metadata":{"breaking_news":"","important":"","csempe":"","center_tile":"","disable_thumbnail":"","target_lang":"","_featured_image_style":"","telegram_post":"","_xlat_group_id":""},"public_rank_math_data":{"title":"%titolo% %sep% %nomesito%","description":"","focus_keyword":"","canonical_url":"","robots":"","primary_category":"1185","breadcrumb_title":"","facebook_title":"","facebook_description":"","facebook_image":"","facebook_image_id":"","twitter_title":"","twitter_description":"","twitter_image":"","twitter_image_id":"","twitter_card_type":"","twitter_use_facebook":"","advanced_robots":"","pillar_content":"","seo_score":"","contentai_score":"","rich_snippet":""},"_links":{"self":[{"href":"https:\/\/dailynewshungary.com\/it\/wp-json\/wp\/v2\/posts\/732546","targetHints":{"allow":["GET"]}}],"collection":[{"href":"https:\/\/dailynewshungary.com\/it\/wp-json\/wp\/v2\/posts"}],"about":[{"href":"https:\/\/dailynewshungary.com\/it\/wp-json\/wp\/v2\/types\/post"}],"author":[{"embeddable":true,"href":"https:\/\/dailynewshungary.com\/it\/wp-json\/wp\/v2\/users\/2"}],"replies":[{"embeddable":true,"href":"https:\/\/dailynewshungary.com\/it\/wp-json\/wp\/v2\/comments?post=732546"}],"version-history":[{"count":0,"href":"https:\/\/dailynewshungary.com\/it\/wp-json\/wp\/v2\/posts\/732546\/revisions"}],"wp:featuredmedia":[{"embeddable":true,"href":"https:\/\/dailynewshungary.com\/it\/wp-json\/wp\/v2\/media\/732547"}],"wp:attachment":[{"href":"https:\/\/dailynewshungary.com\/it\/wp-json\/wp\/v2\/media?parent=732546"}],"wp:term":[{"taxonomy":"category","embeddable":true,"href":"https:\/\/dailynewshungary.com\/it\/wp-json\/wp\/v2\/categories?post=732546"},{"taxonomy":"post_tag","embeddable":true,"href":"https:\/\/dailynewshungary.com\/it\/wp-json\/wp\/v2\/tags?post=732546"}],"curies":[{"name":"wp","href":"https:\/\/api.w.org\/{rel}","templated":true}]}}