{"id":732568,"date":"2015-05-28T14:00:23","date_gmt":"2015-05-28T12:00:23","guid":{"rendered":"https:\/\/dailynewshungary.com\/it\/aperti-i-piu-grandi-orti-comunitari-di-budapest\/"},"modified":"2015-05-28T14:00:23","modified_gmt":"2015-05-28T12:00:23","slug":"aperti-i-piu-grandi-orti-comunitari-di-budapest","status":"publish","type":"post","link":"https:\/\/dailynewshungary.com\/it\/aperti-i-piu-grandi-orti-comunitari-di-budapest\/","title":{"rendered":"Aperti i pi\u00f9 grandi orti comunitari di Budapest"},"content":{"rendered":"<p><strong>Mercoled\u00ec, nella zona sud-orientale di Budapest, sono stati aperti i pi\u00f9 grandi orti comunitari di Budapest su un&#8217;area di 2.600 metri quadrati.<\/strong><\/p>\n<p>Il progetto ha convertito un lotto abbandonato utilizzato in precedenza da Magyar Telekom in 100 orti di circa 8 metri quadrati ciascuno dove i residenti vicini possono coltivare verdure, frutta ed erbe aromatiche.<\/p>\n<p>S\u00e1ndor Finta, capo architetto di Budapest, ha dichiarato alla cerimonia di apertura che gli orti comunitari di Budapest stanno crescendo, creando pi\u00f9 spazio verde lasciando intatto il centro storico. Il sostegno ai progetti di orti comunitari \u00e8 una parte importante del concetto di sviluppo a lungo termine di Budapest per il 2030, ha aggiunto.<\/p>\n<p>I giardini ora aperti all&#8217;angolo tra la strada Soroks\u00e1ri e la strada Hat\u00e1r sono stati costruiti con l&#8217;aiuto dell&#8217;organizzazione civile Kerthat\u00e0r Community Gardens e del centro architettonico KEK. Ci sono ancora 40 lotti in attesa di proprietari, che possono iscriversi a www.kozossegikertek.hu, ha detto la curatrice della KEK M\u00f3nika Kert\u00e9sz.<\/p>\n<p>Inoltre, durante la ricerca sul giardinaggio per questo articolo mi sono imbattuto in un <a href=\"https:\/\/healthyhandyman.com\/best-budget-weed-eaters-under-100\/\" target=\"_blank\" rel=\"noopener\">articolo abbastanza buono<\/a> sui mangiatori di erba Sicuramente mi ha dato un sacco di rapida visione Ti consiglio di dare un&#8217;occhiata Goditi il tuo weekend a tutti Preparati per un interessante post sul blog la prossima settimana!<\/p>\n<p><em>Foto: MTI<\/em><\/p>\n","protected":false},"excerpt":{"rendered":"<p>Mercoled\u00ec, nella zona sud-orientale di Budapest, sono stati aperti i pi\u00f9 grandi orti comunitari di Budapest su un&#8217;area di 2.600 metri quadrati. Il progetto ha convertito un lotto abbandonato utilizzato in precedenza da Magyar Telekom in 100 orti di circa 8 metri quadrati ciascuno dove i residenti vicini possono coltivare verdure, frutta ed erbe aromatiche. [&hellip;]<\/p>\n","protected":false},"author":2,"featured_media":732569,"comment_status":"open","ping_status":"open","sticky":false,"template":"","format":"standard","meta":{"_display_image":"","footnotes":""},"categories":[1207],"tags":[1290,1158],"class_list":["post-732568","post","type-post","status-publish","format-standard","has-post-thumbnail","hentry","category-societa-in-ungheria","tag-ambiente","tag-budapest"],"blocksy_meta":[],"author_username":"alk","telegram_post":"","public_post_metadata":{"breaking_news":"","important":"","csempe":"","center_tile":"","disable_thumbnail":"","target_lang":"","_featured_image_style":"","telegram_post":"","_xlat_group_id":""},"public_rank_math_data":{"title":"%titolo% %sep% %nomesito%","description":"","focus_keyword":"","canonical_url":"","robots":"","primary_category":"1207","breadcrumb_title":"","facebook_title":"","facebook_description":"","facebook_image":"","facebook_image_id":"","twitter_title":"","twitter_description":"","twitter_image":"","twitter_image_id":"","twitter_card_type":"","twitter_use_facebook":"","advanced_robots":"","pillar_content":"","seo_score":"","contentai_score":"","rich_snippet":""},"_links":{"self":[{"href":"https:\/\/dailynewshungary.com\/it\/wp-json\/wp\/v2\/posts\/732568","targetHints":{"allow":["GET"]}}],"collection":[{"href":"https:\/\/dailynewshungary.com\/it\/wp-json\/wp\/v2\/posts"}],"about":[{"href":"https:\/\/dailynewshungary.com\/it\/wp-json\/wp\/v2\/types\/post"}],"author":[{"embeddable":true,"href":"https:\/\/dailynewshungary.com\/it\/wp-json\/wp\/v2\/users\/2"}],"replies":[{"embeddable":true,"href":"https:\/\/dailynewshungary.com\/it\/wp-json\/wp\/v2\/comments?post=732568"}],"version-history":[{"count":0,"href":"https:\/\/dailynewshungary.com\/it\/wp-json\/wp\/v2\/posts\/732568\/revisions"}],"wp:featuredmedia":[{"embeddable":true,"href":"https:\/\/dailynewshungary.com\/it\/wp-json\/wp\/v2\/media\/732569"}],"wp:attachment":[{"href":"https:\/\/dailynewshungary.com\/it\/wp-json\/wp\/v2\/media?parent=732568"}],"wp:term":[{"taxonomy":"category","embeddable":true,"href":"https:\/\/dailynewshungary.com\/it\/wp-json\/wp\/v2\/categories?post=732568"},{"taxonomy":"post_tag","embeddable":true,"href":"https:\/\/dailynewshungary.com\/it\/wp-json\/wp\/v2\/tags?post=732568"}],"curies":[{"name":"wp","href":"https:\/\/api.w.org\/{rel}","templated":true}]}}