{"id":732612,"date":"2015-05-26T18:00:43","date_gmt":"2015-05-26T16:00:43","guid":{"rendered":"https:\/\/dailynewshungary.com\/it\/orban-firma-laccordo-di-sviluppo-szekesfehervar\/"},"modified":"2015-05-26T18:00:43","modified_gmt":"2015-05-26T16:00:43","slug":"orban-firma-laccordo-di-sviluppo-szekesfehervar","status":"publish","type":"post","link":"https:\/\/dailynewshungary.com\/it\/orban-firma-laccordo-di-sviluppo-szekesfehervar\/","title":{"rendered":"Orban firma l\u2019accordo di sviluppo Szekesfehervar"},"content":{"rendered":"<p><strong>Budapest, 6 maggio (MTI) 2 Il primo ministro Viktor Orban marted\u00ec ha firmato un accordo con il sindaco di Szekesfehervar, Ungheria centrale, sugli sviluppi previsti nella citt\u00e0.<\/strong><\/p>\n<p>I piani delineati nel quadro del programma Citt\u00e0 moderne comprendono il potenziamento del centro citt\u00e0, l&#8217;allestimento di una nuova sala da concerto, un complesso sportivo ed eventi nonch\u00e9 un progetto di costruzione di alloggi, secondo l&#8217;accordo firmato con Andras Cser-Palkovics.<\/p>\n<p>Il costo della sala eventi non \u00e8 ancora stimato ma il governo ha stanziato 500 milioni di fiorini (1,6 milioni di euro) per la pianificazione, ha detto Orban.<\/p>\n<p>Un ammodernamento dell&#8217;ospedale Szent Gyorgy della contea di Fejer \u00e8 in fase di completamento, ha osservato Orban.<\/p>\n<p>L&#8217;aeroporto nella vicina Borgond, acquistato in precedenza con il sostegno del governo, sar\u00e0 aggiornato per servire interessi sportivi e commerciali, ha aggiunto.<\/p>\n<p>Altri progetti previsti includono l&#8217;allestimento di un edificio in disuso come centro educativo per studenti di arti e sport delle scuole secondarie. Il centro citt\u00e0 sar\u00e0 collegato con Zichy liget, un parco verdeggiante, con parte del traffico interrato. Il famoso Fekete Sas Hotel, vacante da anni, sar\u00e0 trasformato in una sala da concerto, i costi di progettazione finanziati dalle casse centrali, ha detto Orban.<\/p>\n<p>Szekesfehervar ha praticamente la piena occupazione, ha detto, sottolineando che per alcuni tipi di lavoro c&#8217;\u00e8 una carenza di manodopera. Garantire alloggi dignitosi attirer\u00e0 lavoratori qualificati in citt\u00e0, ha aggiunto Orban.<\/p>\n<p>La citt\u00e0 sar\u00e0 coinvolta per partecipare a progetti turistici nel vicino Lago Velence, ha aggiunto.<\/p>\n<p>Orban ha affermato che la maggior parte degli sviluppi approvati in una riunione di gabinetto in citt\u00e0 nel 2013 sono stati completati. Ha menzionato la nazionalizzazione di un impianto di riscaldamento a fiorini da 2,55 miliardi e di un nuovo basso accessorio da 14,5 miliardi che circonda la citt\u00e0, che \u00e8 in fase di completamento. \u00c8 stata completata anche una nuova ala da 8,3 miliardi di fiorini per l&#8217;ospedale della contea, ha detto.<\/p>\n<p>Cser-Palkovics ha detto che la citt\u00e0 non ha mai ricevuto prima tanto finanziamento centrale come negli ultimi anni Il pacchetto di consolidamento del debito della citt\u00e0 valeva 18 miliardi di fiorini, che \u00e8 una forma di sostegno, poich\u00e9 questo \u00e8 quanto la citt\u00e0 avrebbe dovuto pagare alle banche se il debito non fosse stato cancellato, ha detto.<\/p>\n<p>Orban ha affermato che il programma Citt\u00e0 moderne \u00e8 finanziato da fonti governative nazionali, alcune delle quali distribuite su diversi anni, e in parte da fondi di sviluppo dell\u2019UE.<\/p>\n<p><em>Foto: MTI<\/em><\/p>\n","protected":false},"excerpt":{"rendered":"<p>Budapest, 6 maggio (MTI) 2 Il primo ministro Viktor Orban marted\u00ec ha firmato un accordo con il sindaco di Szekesfehervar, Ungheria centrale, sugli sviluppi previsti nella citt\u00e0. I piani delineati nel quadro del programma Citt\u00e0 moderne comprendono il potenziamento del centro citt\u00e0, l&#8217;allestimento di una nuova sala da concerto, un complesso sportivo ed eventi nonch\u00e9 [&hellip;]<\/p>\n","protected":false},"author":2,"featured_media":732613,"comment_status":"open","ping_status":"open","sticky":false,"template":"","format":"standard","meta":{"_display_image":"","footnotes":""},"categories":[1185],"tags":[1083],"class_list":["post-732612","post","type-post","status-publish","format-standard","has-post-thumbnail","hentry","category-politica-in-ungheria","tag-viktor-orban"],"blocksy_meta":[],"author_username":"alk","telegram_post":"","public_post_metadata":{"breaking_news":"","important":"","csempe":"","center_tile":"","disable_thumbnail":"","target_lang":"","_featured_image_style":"","telegram_post":"","_xlat_group_id":""},"public_rank_math_data":{"title":"%titolo% %sep% %nomesito%","description":"","focus_keyword":"","canonical_url":"","robots":"","primary_category":"1185","breadcrumb_title":"","facebook_title":"","facebook_description":"","facebook_image":"","facebook_image_id":"","twitter_title":"","twitter_description":"","twitter_image":"","twitter_image_id":"","twitter_card_type":"","twitter_use_facebook":"","advanced_robots":"","pillar_content":"","seo_score":"","contentai_score":"","rich_snippet":""},"_links":{"self":[{"href":"https:\/\/dailynewshungary.com\/it\/wp-json\/wp\/v2\/posts\/732612","targetHints":{"allow":["GET"]}}],"collection":[{"href":"https:\/\/dailynewshungary.com\/it\/wp-json\/wp\/v2\/posts"}],"about":[{"href":"https:\/\/dailynewshungary.com\/it\/wp-json\/wp\/v2\/types\/post"}],"author":[{"embeddable":true,"href":"https:\/\/dailynewshungary.com\/it\/wp-json\/wp\/v2\/users\/2"}],"replies":[{"embeddable":true,"href":"https:\/\/dailynewshungary.com\/it\/wp-json\/wp\/v2\/comments?post=732612"}],"version-history":[{"count":0,"href":"https:\/\/dailynewshungary.com\/it\/wp-json\/wp\/v2\/posts\/732612\/revisions"}],"wp:featuredmedia":[{"embeddable":true,"href":"https:\/\/dailynewshungary.com\/it\/wp-json\/wp\/v2\/media\/732613"}],"wp:attachment":[{"href":"https:\/\/dailynewshungary.com\/it\/wp-json\/wp\/v2\/media?parent=732612"}],"wp:term":[{"taxonomy":"category","embeddable":true,"href":"https:\/\/dailynewshungary.com\/it\/wp-json\/wp\/v2\/categories?post=732612"},{"taxonomy":"post_tag","embeddable":true,"href":"https:\/\/dailynewshungary.com\/it\/wp-json\/wp\/v2\/tags?post=732612"}],"curies":[{"name":"wp","href":"https:\/\/api.w.org\/{rel}","templated":true}]}}