{"id":732810,"date":"2015-05-14T18:00:54","date_gmt":"2015-05-14T16:00:54","guid":{"rendered":"https:\/\/dailynewshungary.com\/it\/facciamolo-ungheria-2-la-campagna-di-pulizia-ambientale\/"},"modified":"2015-05-14T18:00:54","modified_gmt":"2015-05-14T16:00:54","slug":"facciamolo-ungheria-2-la-campagna-di-pulizia-ambientale","status":"publish","type":"post","link":"https:\/\/dailynewshungary.com\/it\/facciamolo-ungheria-2-la-campagna-di-pulizia-ambientale\/","title":{"rendered":"Facciamolo Ungheria! 2 La campagna di pulizia ambientale"},"content":{"rendered":"<p><strong>TeSzedd! (Facciamolo!) L&#8217;azione nazionale di raccolta dei rifiuti si terr\u00e0 dal 15 al 17 maggio in Ungheria Il numero di volontari registrati ha gi\u00e0 raggiunto le 115 migliaia in pi\u00f9 di 1590 luoghi di incontro Con la campagna, gli organizzatori desiderano attirare l&#8217;attenzione sull&#8217;importanza delle attivit\u00e0 di volontariato e della coscienza ambientale, e per ripulire il pianeta dai rifiuti solidi scaricati illegalmente, ha riferito hirado.hu.<\/strong><\/p>\n<p>Il termine per la presentazione delle iscrizioni \u00e8 gi\u00e0 scaduto, ma gli organizzatori hanno sottolineato che coloro che non hanno rispettato la scadenza possono comunque partecipare al programma indicando la loro intenzione su www.teszedd.hu.<\/p>\n<p>L&#8217;anno scorso, circa 116mila volontari hanno contribuito al TeSzedd! azione civica nazionale nel 1654 luoghi di incontro ungheresi, raggiungendo il maggior numero di partecipanti in Europa.<\/p>\n<p>Secondo il sito ufficiale del movimento, la prima azione Let&#8217;s Do It! si \u00e8 svolta nel 2008 in Estonia, dove circa il 4% della popolazione si \u00e8 riunita per ripulire l&#8217;intero paese in sole cinque ore. In circostanze normali, la stessa azione avrebbe richiesto al governo tre anni e 22.500.000 euro, ma \u00e8 stata fatta per 500.000 euro e invece in un solo giorno. La rete ora unisce 112 paesi e 12 milioni di volontari in tutto il mondo, rendendolo il pi\u00f9 grande movimento civico dei tempi moderni.<\/p>\n<p><em>basato sull&#8217;articolo di hirado.hu<\/em><br \/>\n<em>tradotto da G\u00e1bor Hajnal<\/em><\/p>\n<p><em>Foto: <span class=\"_r3\"><a class=\"irc_hl irc_hol\" href=\"http:\/\/pozitivnap.hu\/hirek\/te-szeded-tobb-mint-ezer-helyszinen-gyujtik-majd-a-szemetet-az-onkentesek\" data-noload=\"\" target=\"_blank\" rel=\"noopener\"><span class=\"irc_ho\" dir=\"ltr\">pozitivnap.hu<\/span><\/a><\/span><\/em><\/p>\n","protected":false},"excerpt":{"rendered":"<p>TeSzedd! (Facciamolo!) L&#8217;azione nazionale di raccolta dei rifiuti si terr\u00e0 dal 15 al 17 maggio in Ungheria Il numero di volontari registrati ha gi\u00e0 raggiunto le 115 migliaia in pi\u00f9 di 1590 luoghi di incontro Con la campagna, gli organizzatori desiderano attirare l&#8217;attenzione sull&#8217;importanza delle attivit\u00e0 di volontariato e della coscienza ambientale, e per ripulire [&hellip;]<\/p>\n","protected":false},"author":2,"featured_media":732811,"comment_status":"open","ping_status":"open","sticky":false,"template":"","format":"standard","meta":{"_display_image":"","footnotes":""},"categories":[1207],"tags":[1290],"class_list":["post-732810","post","type-post","status-publish","format-standard","has-post-thumbnail","hentry","category-societa-in-ungheria","tag-ambiente"],"blocksy_meta":[],"author_username":"alk","telegram_post":"","public_post_metadata":{"breaking_news":"","important":"","csempe":"","center_tile":"","disable_thumbnail":"","target_lang":"","_featured_image_style":"","telegram_post":"","_xlat_group_id":""},"public_rank_math_data":{"title":"%titolo% %sep% %nomesito%","description":"","focus_keyword":"","canonical_url":"","robots":"","primary_category":"1207","breadcrumb_title":"","facebook_title":"","facebook_description":"","facebook_image":"","facebook_image_id":"","twitter_title":"","twitter_description":"","twitter_image":"","twitter_image_id":"","twitter_card_type":"","twitter_use_facebook":"","advanced_robots":"","pillar_content":"","seo_score":"","contentai_score":"","rich_snippet":""},"_links":{"self":[{"href":"https:\/\/dailynewshungary.com\/it\/wp-json\/wp\/v2\/posts\/732810","targetHints":{"allow":["GET"]}}],"collection":[{"href":"https:\/\/dailynewshungary.com\/it\/wp-json\/wp\/v2\/posts"}],"about":[{"href":"https:\/\/dailynewshungary.com\/it\/wp-json\/wp\/v2\/types\/post"}],"author":[{"embeddable":true,"href":"https:\/\/dailynewshungary.com\/it\/wp-json\/wp\/v2\/users\/2"}],"replies":[{"embeddable":true,"href":"https:\/\/dailynewshungary.com\/it\/wp-json\/wp\/v2\/comments?post=732810"}],"version-history":[{"count":0,"href":"https:\/\/dailynewshungary.com\/it\/wp-json\/wp\/v2\/posts\/732810\/revisions"}],"wp:featuredmedia":[{"embeddable":true,"href":"https:\/\/dailynewshungary.com\/it\/wp-json\/wp\/v2\/media\/732811"}],"wp:attachment":[{"href":"https:\/\/dailynewshungary.com\/it\/wp-json\/wp\/v2\/media?parent=732810"}],"wp:term":[{"taxonomy":"category","embeddable":true,"href":"https:\/\/dailynewshungary.com\/it\/wp-json\/wp\/v2\/categories?post=732810"},{"taxonomy":"post_tag","embeddable":true,"href":"https:\/\/dailynewshungary.com\/it\/wp-json\/wp\/v2\/tags?post=732810"}],"curies":[{"name":"wp","href":"https:\/\/api.w.org\/{rel}","templated":true}]}}