{"id":732919,"date":"2015-05-08T14:00:56","date_gmt":"2015-05-08T12:00:56","guid":{"rendered":"https:\/\/dailynewshungary.com\/it\/orban-lungheria-potrebbe-proteggere-i-confini-senzairrealistic-norme-dellue\/"},"modified":"2015-05-08T14:00:56","modified_gmt":"2015-05-08T12:00:56","slug":"orban-lungheria-potrebbe-proteggere-i-confini-senzairrealistic-norme-dellue","status":"publish","type":"post","link":"https:\/\/dailynewshungary.com\/it\/orban-lungheria-potrebbe-proteggere-i-confini-senzairrealistic-norme-dellue\/","title":{"rendered":"Orban: L\u2019Ungheria potrebbe proteggere i confini senza\u201cirrealistic\u201d Norme dell\u2019UE\u00a0"},"content":{"rendered":"<p><strong>Budapest, 8 maggio (MTI) L&#8217;Ungheria sarebbe in grado di proteggere i suoi confini dall&#8217;immigrazione clandestina se solo non esistessero \u201cunrealistic\u201d regole dell&#8217;Unione Europea da osservare in materia, ha detto il primo ministro Viktor Orban nella sua regolare intervista di venerd\u00ec alla radio pubblica.<\/strong><\/p>\n<p>Orban ha detto a Kossuth Radio che l&#8217;immigrazione clandestina dovrebbe essere vista come una violazione della legge piuttosto che come una \u201cvenial sin\u201d.<\/p>\n<p>Ha osservato che il numero di migranti che attraversano illegalmente l&#8217;Ungheria \u00e8 aumentato di venti volte negli ultimi tre anni, una cifra fuori misura nel confronto europeo.<\/p>\n<p>\u201cE non appena gli austriaci e i tedeschi impediranno l\u2019attraversamento illegale delle frontiere alle proprie frontiere, tutti i migranti illegali che arrivano in Ungheria finiranno per restare &#8230; Ci\u00f2 potrebbe mettere a repentaglio i posti di lavoro e i mezzi di sussistenza locali, ha detto\u201d Orban.<\/p>\n<p>\u201cSe l&#8217;UE non ci impone regole irrealistiche &#8230; o se possiamo sbarazzarci di queste regole (e questa \u00e8 ci\u00f2 che ci stiamo preparando a fare) allora saremo in grado di proteggere l&#8217;Ungheria dagli immigrati economici,\u201d ha detto.<\/p>\n<p>Gli immigrati clandestini devono essere detenuti e le relative procedure legali condotte, ha detto, aggiungendo, tuttavia, che la possibilit\u00e0 di asilo deve essere consentita per le persone che possono dimostrare di essere perseguitate politicamente.<\/p>\n<p>Ha detto che la reazione di Bruxelles ai piani ungheresi non \u00e8 critica ma piuttosto un riconoscimento della sua posizione. L\u2019Ungheria \u00e8 l\u2019unico paese che parla apertamente e chiaramente del problema, ha insistito. E quelli che lo fanno sono aperti a essere discussi, ha aggiunto Orban.<\/p>\n<p>Il primo ministro ha detto che l&#8217;idea lanciata in Europa di far entrare i rifugiati in un paese e poi distribuirli tra gli altri paesi dell&#8217;UE \u00e8 un&#8217;idea di \u201ccrazy\u201d Ci\u00f2 che ora \u00e8 necessario non \u00e8 la solidariet\u00e0 ma l&#8217;applicazione della legge, ha detto.<\/p>\n<p>\u201cOgni paese dovrebbe proteggere i propri confini, ha detto\u201d, aggiungendo che un&#8217;azione comune europea dovrebbe cercare soluzioni al problema al di fuori del continente.<\/p>\n<p>Ha detto di condividere l&#8217;opinione che le navi dei trafficanti di esseri umani devono essere sequestrate e distrutte e alle persone ai potenziali migranti illegali dovrebbe essere impedito di lasciare il loro paese. Dovrebbero essere compiuti maggiori sforzi per fornire sostegno ai paesi di partenza nel rafforzamento dei controlli alle frontiere, ha detto Orban.<\/p>\n<p><em>Foto: MTI<\/em><\/p>\n","protected":false},"excerpt":{"rendered":"<p>Budapest, 8 maggio (MTI) L&#8217;Ungheria sarebbe in grado di proteggere i suoi confini dall&#8217;immigrazione clandestina se solo non esistessero \u201cunrealistic\u201d regole dell&#8217;Unione Europea da osservare in materia, ha detto il primo ministro Viktor Orban nella sua regolare intervista di venerd\u00ec alla radio pubblica. Orban ha detto a Kossuth Radio che l&#8217;immigrazione clandestina dovrebbe essere vista [&hellip;]<\/p>\n","protected":false},"author":2,"featured_media":732920,"comment_status":"open","ping_status":"open","sticky":false,"template":"","format":"standard","meta":{"_display_image":"","footnotes":""},"categories":[1185],"tags":[1083],"class_list":["post-732919","post","type-post","status-publish","format-standard","has-post-thumbnail","hentry","category-politica-in-ungheria","tag-viktor-orban"],"blocksy_meta":[],"author_username":"alk","telegram_post":"","public_post_metadata":{"breaking_news":"","important":"","csempe":"","center_tile":"","disable_thumbnail":"","target_lang":"","_featured_image_style":"","telegram_post":"","_xlat_group_id":""},"public_rank_math_data":{"title":"%titolo% %sep% %nomesito%","description":"","focus_keyword":"","canonical_url":"","robots":"","primary_category":"1185","breadcrumb_title":"","facebook_title":"","facebook_description":"","facebook_image":"","facebook_image_id":"","twitter_title":"","twitter_description":"","twitter_image":"","twitter_image_id":"","twitter_card_type":"","twitter_use_facebook":"","advanced_robots":"","pillar_content":"","seo_score":"","contentai_score":"","rich_snippet":""},"_links":{"self":[{"href":"https:\/\/dailynewshungary.com\/it\/wp-json\/wp\/v2\/posts\/732919","targetHints":{"allow":["GET"]}}],"collection":[{"href":"https:\/\/dailynewshungary.com\/it\/wp-json\/wp\/v2\/posts"}],"about":[{"href":"https:\/\/dailynewshungary.com\/it\/wp-json\/wp\/v2\/types\/post"}],"author":[{"embeddable":true,"href":"https:\/\/dailynewshungary.com\/it\/wp-json\/wp\/v2\/users\/2"}],"replies":[{"embeddable":true,"href":"https:\/\/dailynewshungary.com\/it\/wp-json\/wp\/v2\/comments?post=732919"}],"version-history":[{"count":0,"href":"https:\/\/dailynewshungary.com\/it\/wp-json\/wp\/v2\/posts\/732919\/revisions"}],"wp:featuredmedia":[{"embeddable":true,"href":"https:\/\/dailynewshungary.com\/it\/wp-json\/wp\/v2\/media\/732920"}],"wp:attachment":[{"href":"https:\/\/dailynewshungary.com\/it\/wp-json\/wp\/v2\/media?parent=732919"}],"wp:term":[{"taxonomy":"category","embeddable":true,"href":"https:\/\/dailynewshungary.com\/it\/wp-json\/wp\/v2\/categories?post=732919"},{"taxonomy":"post_tag","embeddable":true,"href":"https:\/\/dailynewshungary.com\/it\/wp-json\/wp\/v2\/tags?post=732919"}],"curies":[{"name":"wp","href":"https:\/\/api.w.org\/{rel}","templated":true}]}}