{"id":732929,"date":"2015-05-08T07:45:21","date_gmt":"2015-05-08T05:45:21","guid":{"rendered":"https:\/\/dailynewshungary.com\/it\/i-rappresentanti-di-budapest-incontrano-il-cio\/"},"modified":"2015-05-08T07:45:21","modified_gmt":"2015-05-08T05:45:21","slug":"i-rappresentanti-di-budapest-incontrano-il-cio","status":"publish","type":"post","link":"https:\/\/dailynewshungary.com\/it\/i-rappresentanti-di-budapest-incontrano-il-cio\/","title":{"rendered":"I rappresentanti di Budapest incontrano il CIO"},"content":{"rendered":"<p><strong>Secondo vs.hu, il CIO ha detto che negozier\u00e0 con Budapest gioved\u00ec, con Parigi a giugno e con Roma a luglio.<\/strong><\/p>\n<p>Christophe Dubi, direttore esecutivo del CIO ha detto all&#8217;agenzia di stampa AFP che Budapest si incontrer\u00e0 con il CIO gioved\u00ec, ma non \u00e8 sicuro che la citt\u00e0 far\u00e0 domanda per l&#8217;organizzazione delle Olimpiadi del 2024, ha detto France24 sul suo sito web Dubi ha anche detto all&#8217;AFP che avrebbero discusso dei piani delle citt\u00e0 e avrebbero risposto alle loro domande.<\/p>\n<p>Ferenc Vasvari, senior fellow di comunicazione del Comitato Olimpico Ungherese (MOB) ha dichiarato: non potrebbe dare informazioni pi\u00f9 precise Tuttavia, se i negoziati di marted\u00ec avrebbero avuto dei risultati, avrebbero informato la gente Pi\u00f9 tardi, MOB ha detto: tra i membri della delegazione c&#8217;\u00e8 Bence Szabo, Segretario Generale del MOB, Zsigmond Nagy, Direttore Internazionale del MOB e ci saranno anche persone che rappresentano la capitale, vs.hu ha detto.<\/p>\n<p>Ad ogni modo, MOB ha deciso nella riunione del 6 febbraio di proporre Budapest per studiare la possibilit\u00e0 di organizzare le Olimpiadi e le Paralimpiadi del 2024 Secondo lo studio di KPMG Advisory Ltd., l&#8217;organizzazione costerebbe 500-1000 miliardi di HUF.<\/p>\n<p>Oltre a queste tre citt\u00e0, anche Boston e Amburgo pensano alla concorrenza, la lettera terr\u00e0 un referendum sulla questione Le citt\u00e0 devono indicare la loro disponibilit\u00e0 ad organizzarsi fino al 15 settembre, ma possono ritirare la proposta in seguito.<\/p>\n<p><em>basato sull&#8217;articolo di vs.hu<br \/>\ntradotto da BA<\/em><\/p>\n<p><em>Foto: helyitema.hu<\/em><\/p>\n","protected":false},"excerpt":{"rendered":"<p>Secondo vs.hu, il CIO ha detto che negozier\u00e0 con Budapest gioved\u00ec, con Parigi a giugno e con Roma a luglio. Christophe Dubi, direttore esecutivo del CIO ha detto all&#8217;agenzia di stampa AFP che Budapest si incontrer\u00e0 con il CIO gioved\u00ec, ma non \u00e8 sicuro che la citt\u00e0 far\u00e0 domanda per l&#8217;organizzazione delle Olimpiadi del 2024, [&hellip;]<\/p>\n","protected":false},"author":3,"featured_media":732930,"comment_status":"open","ping_status":"open","sticky":false,"template":"","format":"standard","meta":{"_display_image":"","footnotes":""},"categories":[1268],"tags":[1158],"class_list":["post-732929","post","type-post","status-publish","format-standard","has-post-thumbnail","hentry","category-sport","tag-budapest"],"blocksy_meta":[],"author_username":"becsi","telegram_post":"","public_post_metadata":{"breaking_news":"","important":"","csempe":"","center_tile":"","disable_thumbnail":"","target_lang":"","_featured_image_style":"","telegram_post":"","_xlat_group_id":""},"public_rank_math_data":{"title":"%titolo% %sep% %nomesito%","description":"","focus_keyword":"","canonical_url":"","robots":"","primary_category":"1268","breadcrumb_title":"","facebook_title":"","facebook_description":"","facebook_image":"","facebook_image_id":"","twitter_title":"","twitter_description":"","twitter_image":"","twitter_image_id":"","twitter_card_type":"","twitter_use_facebook":"","advanced_robots":"","pillar_content":"","seo_score":"","contentai_score":"","rich_snippet":""},"_links":{"self":[{"href":"https:\/\/dailynewshungary.com\/it\/wp-json\/wp\/v2\/posts\/732929","targetHints":{"allow":["GET"]}}],"collection":[{"href":"https:\/\/dailynewshungary.com\/it\/wp-json\/wp\/v2\/posts"}],"about":[{"href":"https:\/\/dailynewshungary.com\/it\/wp-json\/wp\/v2\/types\/post"}],"author":[{"embeddable":true,"href":"https:\/\/dailynewshungary.com\/it\/wp-json\/wp\/v2\/users\/3"}],"replies":[{"embeddable":true,"href":"https:\/\/dailynewshungary.com\/it\/wp-json\/wp\/v2\/comments?post=732929"}],"version-history":[{"count":0,"href":"https:\/\/dailynewshungary.com\/it\/wp-json\/wp\/v2\/posts\/732929\/revisions"}],"wp:featuredmedia":[{"embeddable":true,"href":"https:\/\/dailynewshungary.com\/it\/wp-json\/wp\/v2\/media\/732930"}],"wp:attachment":[{"href":"https:\/\/dailynewshungary.com\/it\/wp-json\/wp\/v2\/media?parent=732929"}],"wp:term":[{"taxonomy":"category","embeddable":true,"href":"https:\/\/dailynewshungary.com\/it\/wp-json\/wp\/v2\/categories?post=732929"},{"taxonomy":"post_tag","embeddable":true,"href":"https:\/\/dailynewshungary.com\/it\/wp-json\/wp\/v2\/tags?post=732929"}],"curies":[{"name":"wp","href":"https:\/\/api.w.org\/{rel}","templated":true}]}}