{"id":733075,"date":"2015-04-29T15:57:24","date_gmt":"2015-04-29T13:57:24","guid":{"rendered":"https:\/\/dailynewshungary.com\/it\/gli-inviati-v4-sottolineano-limportanza-della-cooperazione\/"},"modified":"2015-04-29T15:57:24","modified_gmt":"2015-04-29T13:57:24","slug":"gli-inviati-v4-sottolineano-limportanza-della-cooperazione","status":"publish","type":"post","link":"https:\/\/dailynewshungary.com\/it\/gli-inviati-v4-sottolineano-limportanza-della-cooperazione\/","title":{"rendered":"Gli inviati V4 sottolineano l\u2019importanza della cooperazione"},"content":{"rendered":"<p><strong>Budapest (MTI) (MTI) I Quattro di Visegrad) sono uno strumento efficace e utile per rafforzare e coordinare i punti di vista nazionali dei suoi membri in forum come l&#8217;UE e la NATO, hanno concordato marted\u00ec i diplomatici V4 in una conferenza a Budapest.<\/strong><\/p>\n<p><strong>&nbsp;&nbsp; <\/strong>Roman Kowalski, ambasciatore della Polonia, ha detto che la cooperazione tra i quattro membri (Repubblica Ceca, Ungheria, Polonia e Slovacchia) dovrebbe ricevere nuovo slancio poich\u00e9 ogni paese pu\u00f2 ottenere di pi\u00f9 come gruppo I suoi membri sono stati guidati dallo stesso obiettivo dell&#8217;integrazione euro-atlantica, ha detto Sostenere il V4 nel futuro \u00e8 importante per raggiungere nuovi obiettivi comuni, ha aggiunto<\/p>\n<p>Rastislav Kacer, l&#8217;ambasciatore slovacco, ha parlato del successo della cooperazione di Visegrad, notando regioni come i Balcani occidentali e i paesi dell&#8217;Asia che cercano legami con il gruppo Contrariamente a quanto gli oppositori possono pensare, il gruppo \u00e8 stato efficace ed \u00e8 rimasto una forza da non sottovalutare, ha detto.<\/p>\n<p>Tibor Kecskes, il coordinatore V4 del dipartimento dell&#8217;Europa centrale del ministero degli Esteri ungherese, ha affermato che la \u201crich History\u201d del gruppo \u00e8 iniziata 24 anni fa, quando i suoi Stati membri hanno iniziato la cooperazione mai visti prima nella loro storia. C&#8217;\u00e8 un grande bisogno del gruppo, ha detto, esprimendo ottimismo riguardo al suo futuro.<\/p>\n<p>Juraj Chmiel, ambasciatore ceco, ha osservato che la Repubblica Ceca assumer\u00e0 la presidenza del V4 in estate e si concentrer\u00e0 sul rafforzamento della cooperazione in materia di difesa ed energia, nella politica di vicinato e sulla difesa del principio di solidariet\u00e0 all&#8217;interno dell&#8217;UE.<\/p>\n<p><em>sulla base dell&#8217;articolo di MTI<\/em><\/p>\n","protected":false},"excerpt":{"rendered":"<p>Budapest (MTI) (MTI) I Quattro di Visegrad) sono uno strumento efficace e utile per rafforzare e coordinare i punti di vista nazionali dei suoi membri in forum come l&#8217;UE e la NATO, hanno concordato marted\u00ec i diplomatici V4 in una conferenza a Budapest. &nbsp;&nbsp; Roman Kowalski, ambasciatore della Polonia, ha detto che la cooperazione tra [&hellip;]<\/p>\n","protected":false},"author":3,"featured_media":733076,"comment_status":"open","ping_status":"open","sticky":false,"template":"","format":"standard","meta":{"_display_image":"","footnotes":""},"categories":[1185],"tags":[1158,1075],"class_list":["post-733075","post","type-post","status-publish","format-standard","has-post-thumbnail","hentry","category-politica-in-ungheria","tag-budapest","tag-unione-europea"],"blocksy_meta":[],"author_username":"becsi","telegram_post":"","public_post_metadata":{"breaking_news":"","important":"","csempe":"","center_tile":"","disable_thumbnail":"","target_lang":"","_featured_image_style":"","telegram_post":"","_xlat_group_id":""},"public_rank_math_data":{"title":"%titolo% %sep% %nomesito%","description":"","focus_keyword":"","canonical_url":"","robots":"","primary_category":"1185","breadcrumb_title":"","facebook_title":"","facebook_description":"","facebook_image":"","facebook_image_id":"","twitter_title":"","twitter_description":"","twitter_image":"","twitter_image_id":"","twitter_card_type":"","twitter_use_facebook":"","advanced_robots":"","pillar_content":"","seo_score":"","contentai_score":"","rich_snippet":""},"_links":{"self":[{"href":"https:\/\/dailynewshungary.com\/it\/wp-json\/wp\/v2\/posts\/733075","targetHints":{"allow":["GET"]}}],"collection":[{"href":"https:\/\/dailynewshungary.com\/it\/wp-json\/wp\/v2\/posts"}],"about":[{"href":"https:\/\/dailynewshungary.com\/it\/wp-json\/wp\/v2\/types\/post"}],"author":[{"embeddable":true,"href":"https:\/\/dailynewshungary.com\/it\/wp-json\/wp\/v2\/users\/3"}],"replies":[{"embeddable":true,"href":"https:\/\/dailynewshungary.com\/it\/wp-json\/wp\/v2\/comments?post=733075"}],"version-history":[{"count":0,"href":"https:\/\/dailynewshungary.com\/it\/wp-json\/wp\/v2\/posts\/733075\/revisions"}],"wp:featuredmedia":[{"embeddable":true,"href":"https:\/\/dailynewshungary.com\/it\/wp-json\/wp\/v2\/media\/733076"}],"wp:attachment":[{"href":"https:\/\/dailynewshungary.com\/it\/wp-json\/wp\/v2\/media?parent=733075"}],"wp:term":[{"taxonomy":"category","embeddable":true,"href":"https:\/\/dailynewshungary.com\/it\/wp-json\/wp\/v2\/categories?post=733075"},{"taxonomy":"post_tag","embeddable":true,"href":"https:\/\/dailynewshungary.com\/it\/wp-json\/wp\/v2\/tags?post=733075"}],"curies":[{"name":"wp","href":"https:\/\/api.w.org\/{rel}","templated":true}]}}