{"id":733085,"date":"2015-04-29T02:19:48","date_gmt":"2015-04-29T00:19:48","guid":{"rendered":"https:\/\/dailynewshungary.com\/it\/il-punto-di-vista-dellungheria-lue-e-vittima-della-migrazione-e-non-la-causa-di-essa\/"},"modified":"2015-04-29T02:19:48","modified_gmt":"2015-04-29T00:19:48","slug":"il-punto-di-vista-dellungheria-lue-e-vittima-della-migrazione-e-non-la-causa-di-essa","status":"publish","type":"post","link":"https:\/\/dailynewshungary.com\/it\/il-punto-di-vista-dellungheria-lue-e-vittima-della-migrazione-e-non-la-causa-di-essa\/","title":{"rendered":"Il punto di vista dell\u2019Ungheria: l\u2019UE \u00e8 vittima della migrazione e non la causa di essa"},"content":{"rendered":"<p><strong>L\u2019Ungheria condivide il punto di vista secondo cui l\u2019Unione europea \u00e8 vittima della migrazione e non la causa di essa, nel senso che deve considerare come gestire e affrontare la situazione, ha detto il portavoce del governo Zolt\u00e1n Kov\u00e1cs in un\u2019intervista al canale televisivo M1 luned\u00ec mattina, ha riferito Hirado.hu.<\/strong><\/p>\n<p>Il punto di vista dell&#8217;Ungheria sull&#8217;immigrazione clandestina non \u00e8 drasticamente diverso dalla posizione dell&#8217;Unione Europea poich\u00e9 lo stesso governo ungherese ritiene che il problema della migrazione debba essere trattato alla radice. Kov\u00e1cs ha aggiunto che in ogni forum internazionale il governo ungherese sostiene la posizione secondo cui \u00e8 la ragione della partenza dei rifugiati che dovrebbe essere abolita nell&#8217;Africa subsahariana e in Medio Oriente, anche se questo non \u00e8 un compito facile da realizzare.<\/p>\n<p>In relazione alla consultazione nazionale recentemente avviata, il portavoce del governo ha osservato che a febbraio si era gi\u00e0 parlato molto della necessit\u00e0 di discutere la questione dell&#8217;immigrazione e quella dei migranti illegali.<\/p>\n<p>Ha sottolineato: \u201cQuesto dialogo \u00e8 necessario non perch\u00e9 rifiutiamo queste persone, ma piuttosto perch\u00e9 per poter affrontare il problema sono necessarie nuove misure dell&#8217;UE e degli Stati membri.\u201d<\/p>\n<p>Parlando del continuo aumento del flusso di rifugiati a cui si \u00e8 assistito negli ultimi anni e mezzo, K\u00e1cs ha affermato che l&#8217;Europa (l&#8217;Europa) e al suo interno l&#8217;Ungheria (l&#8217;Ungheria) si sono trovati ad affrontare un problema le cui risposte erano apparentemente inadeguate. Non esiste una regolamentazione comunitaria che possa impedire l&#8217;arrivo di un numero di immigrati dall&#8217;Europa, e fino al vertice UE di gioved\u00ec scorso mancavano anche le condizioni fondamentali che avrebbero potuto impedire a queste persone di salpare per l&#8217;Europa dal Nord Africa, ha aggiunto.<\/p>\n<p>In precedenza, il primo ministro Viktor Orb\u00e1n aveva detto a Kossuth R\u00e1di\u00f3 che l\u2019Europa deve proteggere i suoi confini e applicare serie misure di polizia e militari in tal senso. Il primo ministro ha affermato che non \u00e8 sufficiente difendere i confini dell\u2019Europa, ma che devono essere messe in atto politiche per contribuire ad alimentare il desiderio dei potenziali rifugiati di rimanere nelle loro terre d\u2019origine.<\/p>\n<p><em>basato sull&#8217;articolo hirado.hu<\/em><br \/>\n<em>tradotto da G\u00e1bor Hajnal<\/em><\/p>\n<p><em>Foto: MTI<\/em><\/p>\n","protected":false},"excerpt":{"rendered":"<p>L\u2019Ungheria condivide il punto di vista secondo cui l\u2019Unione europea \u00e8 vittima della migrazione e non la causa di essa, nel senso che deve considerare come gestire e affrontare la situazione, ha detto il portavoce del governo Zolt\u00e1n Kov\u00e1cs in un\u2019intervista al canale televisivo M1 luned\u00ec mattina, ha riferito Hirado.hu. Il punto di vista dell&#8217;Ungheria [&hellip;]<\/p>\n","protected":false},"author":2,"featured_media":733086,"comment_status":"open","ping_status":"open","sticky":false,"template":"","format":"standard","meta":{"_display_image":"","footnotes":""},"categories":[1185],"tags":[1291,1075],"class_list":["post-733085","post","type-post","status-publish","format-standard","has-post-thumbnail","hentry","category-politica-in-ungheria","tag-migrazione","tag-unione-europea"],"blocksy_meta":[],"author_username":"alk","telegram_post":"","public_post_metadata":{"breaking_news":"","important":"","csempe":"","center_tile":"","disable_thumbnail":"","target_lang":"","_featured_image_style":"","telegram_post":"","_xlat_group_id":""},"public_rank_math_data":{"title":"%titolo% %sep% %nomesito%","description":"","focus_keyword":"","canonical_url":"","robots":"","primary_category":"1185","breadcrumb_title":"","facebook_title":"","facebook_description":"","facebook_image":"","facebook_image_id":"","twitter_title":"","twitter_description":"","twitter_image":"","twitter_image_id":"","twitter_card_type":"","twitter_use_facebook":"","advanced_robots":"","pillar_content":"","seo_score":"","contentai_score":"","rich_snippet":""},"_links":{"self":[{"href":"https:\/\/dailynewshungary.com\/it\/wp-json\/wp\/v2\/posts\/733085","targetHints":{"allow":["GET"]}}],"collection":[{"href":"https:\/\/dailynewshungary.com\/it\/wp-json\/wp\/v2\/posts"}],"about":[{"href":"https:\/\/dailynewshungary.com\/it\/wp-json\/wp\/v2\/types\/post"}],"author":[{"embeddable":true,"href":"https:\/\/dailynewshungary.com\/it\/wp-json\/wp\/v2\/users\/2"}],"replies":[{"embeddable":true,"href":"https:\/\/dailynewshungary.com\/it\/wp-json\/wp\/v2\/comments?post=733085"}],"version-history":[{"count":0,"href":"https:\/\/dailynewshungary.com\/it\/wp-json\/wp\/v2\/posts\/733085\/revisions"}],"wp:featuredmedia":[{"embeddable":true,"href":"https:\/\/dailynewshungary.com\/it\/wp-json\/wp\/v2\/media\/733086"}],"wp:attachment":[{"href":"https:\/\/dailynewshungary.com\/it\/wp-json\/wp\/v2\/media?parent=733085"}],"wp:term":[{"taxonomy":"category","embeddable":true,"href":"https:\/\/dailynewshungary.com\/it\/wp-json\/wp\/v2\/categories?post=733085"},{"taxonomy":"post_tag","embeddable":true,"href":"https:\/\/dailynewshungary.com\/it\/wp-json\/wp\/v2\/tags?post=733085"}],"curies":[{"name":"wp","href":"https:\/\/api.w.org\/{rel}","templated":true}]}}