{"id":733101,"date":"2015-04-28T08:05:22","date_gmt":"2015-04-28T06:05:22","guid":{"rendered":"https:\/\/dailynewshungary.com\/it\/jobbik-non-partito-nazista-dice-leader\/"},"modified":"2015-04-28T08:05:22","modified_gmt":"2015-04-28T06:05:22","slug":"jobbik-non-partito-nazista-dice-leader","status":"publish","type":"post","link":"https:\/\/dailynewshungary.com\/it\/jobbik-non-partito-nazista-dice-leader\/","title":{"rendered":"Jobbik non partito nazista, dice leader"},"content":{"rendered":"<div class=\"bodyNews\" style=\"text-align: center;\"><span id=\"ctl00_ContentPlaceHolder1_ctrlNewsControl_lbLead\"> <\/span><strong>Budapest, 7 aprile (MTI) 2 Il nazionalista radicale Jobbik non \u00e8 un partito nazista e non \u00e8 nemmeno associato al movimento Arrow-Cross [nazista ungherese], ha detto luned\u00ec il leader del partito.<\/strong><\/div>\n<div class=\"bodyNews\" style=\"text-align: center;\"><\/div>\n<div class=\"bodyNews\" style=\"text-align: justify;\">Si tratta piuttosto di un partito popolare che rifiuta di essere posto in una quarantena politica da parte dei suoi oppositori, ha detto Gabor Vona in una conferenza stampa a Gyongyos, nel nord dell&#8217;Ungheria.<\/p>\n<p style=\"text-align: justify;\">&nbsp;&nbsp; La recente vittoria del partito nelle elezioni suppletive locali di Tapolca \u00e8 stata una pietra miliare negli ultimi 25 anni, ha detto, insistendo sul fatto che Tapolca fosse la prova generale per le elezioni generali del 2018.<\/p>\n<p style=\"text-align: justify;\">&nbsp;&nbsp; Tapolca ha segnato la prima volta che Jobbik ha acquisito un mandato individuale, ed \u00e8 la prima volta che un partito non coinvolto nel cambiamento del sistema politico nel 1990 acquisisce un mandato del genere, ha osservato.<\/p>\n<p style=\"text-align: justify;\">&nbsp;&nbsp; Il governo Fidesz e l&#8217;opposizione socialista stanno entrambi cercando di affrontare i problemi del 20\u00b0 secolo, mentre Jobbik si propone di affrontare le questioni del 21\u00b0 secolo, ha detto.<\/p>\n<p style=\"text-align: justify;\">&nbsp;&nbsp; Ci\u00f2 che i media affermano essere uno stratagemma Jobbik per ottenere voti ammorbidendo i propri toni \u00e8 in realt\u00e0 una vera strategia politica lanciata nel 2013, ha affermato. Jobbik, pur preservando i valori fondamentali del suo programma, si sta rivolgendo a persone con un nuovo stile politico e un atteggiamento che rappresenta un approccio civico nel tentativo di renderlo attraente per i gruppi sociali pi\u00f9 ampi possibili.<\/p>\n<p style=\"text-align: justify;\">&nbsp;&nbsp; \u201cL&#8217;essenza di Jobbik come partito popolare si basa su un programma risoluto e una forza calma&#8230;\u201d, ha detto Vona, aggiungendo che le persone invidiose del successo di Jobbik lo chiamano partito nazista, ma tali affermazioni hanno superato la data di scadenza, ha aggiunto.<\/p>\n<p style=\"text-align: justify;\">&nbsp;&nbsp; \u201cNon conducono da nessuna parte, come ha gi\u00e0 dimostrato il successo di Tapolca,\u201d, ha detto. \u201cCi sono stati rami inaccettabili e indesiderabili, ma questi saranno potati da Jobbik, ha detto\u201d Vona. L&#8217;essenza di un partito deriva dal suo programma e dalle dichiarazioni dei suoi leader, non da poche voci su Facebook di alcuni dei suoi membri, ha aggiunto.<\/p>\n<p style=\"text-align: justify;\"><em>sulla base dell&#8217;articolo di MTI<\/em><\/p>\n<p style=\"text-align: justify;\"><em>Foto: MTI<\/em><\/p>\n<\/div>\n","protected":false},"excerpt":{"rendered":"<p>Budapest, 7 aprile (MTI) 2 Il nazionalista radicale Jobbik non \u00e8 un partito nazista e non \u00e8 nemmeno associato al movimento Arrow-Cross [nazista ungherese], ha detto luned\u00ec il leader del partito. Si tratta piuttosto di un partito popolare che rifiuta di essere posto in una quarantena politica da parte dei suoi oppositori, ha detto Gabor [&hellip;]<\/p>\n","protected":false},"author":3,"featured_media":733102,"comment_status":"open","ping_status":"open","sticky":false,"template":"","format":"standard","meta":{"_display_image":"","footnotes":""},"categories":[1185],"tags":[1412],"class_list":["post-733101","post","type-post","status-publish","format-standard","has-post-thumbnail","hentry","category-politica-in-ungheria","tag-jobbik"],"blocksy_meta":[],"author_username":"becsi","telegram_post":"","public_post_metadata":{"breaking_news":"","important":"","csempe":"","center_tile":"","disable_thumbnail":"","target_lang":"","_featured_image_style":"","telegram_post":"","_xlat_group_id":""},"public_rank_math_data":{"title":"%titolo% %sep% %nomesito%","description":"","focus_keyword":"","canonical_url":"","robots":"","primary_category":"1185","breadcrumb_title":"","facebook_title":"","facebook_description":"","facebook_image":"","facebook_image_id":"","twitter_title":"","twitter_description":"","twitter_image":"","twitter_image_id":"","twitter_card_type":"","twitter_use_facebook":"","advanced_robots":"","pillar_content":"","seo_score":"","contentai_score":"","rich_snippet":""},"_links":{"self":[{"href":"https:\/\/dailynewshungary.com\/it\/wp-json\/wp\/v2\/posts\/733101","targetHints":{"allow":["GET"]}}],"collection":[{"href":"https:\/\/dailynewshungary.com\/it\/wp-json\/wp\/v2\/posts"}],"about":[{"href":"https:\/\/dailynewshungary.com\/it\/wp-json\/wp\/v2\/types\/post"}],"author":[{"embeddable":true,"href":"https:\/\/dailynewshungary.com\/it\/wp-json\/wp\/v2\/users\/3"}],"replies":[{"embeddable":true,"href":"https:\/\/dailynewshungary.com\/it\/wp-json\/wp\/v2\/comments?post=733101"}],"version-history":[{"count":0,"href":"https:\/\/dailynewshungary.com\/it\/wp-json\/wp\/v2\/posts\/733101\/revisions"}],"wp:featuredmedia":[{"embeddable":true,"href":"https:\/\/dailynewshungary.com\/it\/wp-json\/wp\/v2\/media\/733102"}],"wp:attachment":[{"href":"https:\/\/dailynewshungary.com\/it\/wp-json\/wp\/v2\/media?parent=733101"}],"wp:term":[{"taxonomy":"category","embeddable":true,"href":"https:\/\/dailynewshungary.com\/it\/wp-json\/wp\/v2\/categories?post=733101"},{"taxonomy":"post_tag","embeddable":true,"href":"https:\/\/dailynewshungary.com\/it\/wp-json\/wp\/v2\/tags?post=733101"}],"curies":[{"name":"wp","href":"https:\/\/api.w.org\/{rel}","templated":true}]}}