{"id":733103,"date":"2015-04-27T20:02:32","date_gmt":"2015-04-27T18:02:32","guid":{"rendered":"https:\/\/dailynewshungary.com\/it\/toaso-arriva-in-ungheria\/"},"modified":"2015-04-27T20:02:32","modified_gmt":"2015-04-27T18:02:32","slug":"toaso-arriva-in-ungheria","status":"publish","type":"post","link":"https:\/\/dailynewshungary.com\/it\/toaso-arriva-in-ungheria\/","title":{"rendered":"Toaso arriva in Ungheria"},"content":{"rendered":"<p><strong>Budapest, 2 aprile (MTI) 2 Elod Toaso, il cittadino ungherese preso in custodia cautelare in Bolivia con l&#8217;accusa di terrorismo nel 2009, \u00e8 arrivato in Ungheria luned\u00ec pomeriggio.<\/strong><\/p>\n<p>In una conferenza stampa tenutasi all&#8217;aeroporto internazionale Liszt Ferenc, il cittadino ungherese-rumeno ha respinto l&#8217;accusa di aver tentato di compiere un attacco terroristico in Bolivia.<\/p>\n<p>Toaso ha ringraziato la Carit\u00e0 Battista e il Ministero degli Esteri per averlo aiutato a tornare a casa.<\/p>\n<p>Parlando alla conferenza stampa, Toaso ha detto che, sebbene avesse lasciato legalmente la Bolivia, la sua partenza \u00e8 stata inaspettata. Le autorit\u00e0 boliviane gli hanno negato il passaporto dopo essere stato rilasciato dal carcere, ed \u00e8 stato solo grazie al ministero degli Esteri ungherese che gli sono stati consegnati i documenti di viaggio, ha detto.<\/p>\n<p>Alla domanda sulle ragioni per cui \u00e8 andato in Bolivia, Toaso ha detto di aver scelto di viaggiare nel paese per sete di avventura Toaso ha detto che gli \u00e8 stato offerto un lavoro in Bolivia come web designer, ed era l\u00ec per preparare le riprese di un film, aggiungendo che non aveva altro motivo per viaggiare l\u00ec.<\/p>\n<p>Rimangono, tuttavia, una serie di domande senza risposta nel caso, ha detto, aggiungendo che spera che un giorno la verit\u00e0 venga scoperta.<\/p>\n<p>La Baptist Charity segue il caso di Toaso da sei anni, ha detto Szenczy. Il capo della Baptist Charity ha aggiunto che una dichiarazione rilasciata dal pubblico ministero incaricato del suo caso (secondo la quale le armi trovate nel raid del 2009 contro Toaso e il suo gruppo hanno avuto origine dalla polizia boliviana. ha espresso ulteriori dubbi sulla colpevolezza di Toaso.<\/p>\n<p>Il ministro degli Esteri Peter Szijjarto ha confermato in precedenza che il ministero aveva fornito un passaporto temporaneo per Toaso e che il cittadino ungherese-rumeno ha ricevuto lo stesso aiuto consolare di tutti gli ungheresi quando si trovano nei guai in qualsiasi parte del mondo.<\/p>\n<p>Domenica la Carit\u00e0 Battista ha rilasciato una dichiarazione in cui afferma di aver salvato Toaso e Mario Tadic, un croato, dalla Bolivia, \u201ccon l&#8217;aiuto tecnico del ministero degli Esteri ungherese. La dichiarazione aggiunge che i due uomini non si erano sentiti al sicuro in Bolivia e chiedevano l&#8217;aiuto dell&#8217;Ungheria.<\/p>\n<p>Toaso faceva parte del gruppo arrestato dalle forze speciali della Bolivia nel 2009 con l&#8217;accusa di aver pianificato un attacco terroristico, nel raid della polizia morirono il boliviano-ungherese Eduardo Rozsa-Flores, di etnia ungherese proveniente dalla Romania Arpad Magyarosi e Michael Dwyer, un irlandese.<\/p>\n<p><em>sulla base dell&#8217;articolo di MTI<\/em><\/p>\n<p><em>Foto: MTI<\/em><\/p>\n","protected":false},"excerpt":{"rendered":"<p>Budapest, 2 aprile (MTI) 2 Elod Toaso, il cittadino ungherese preso in custodia cautelare in Bolivia con l&#8217;accusa di terrorismo nel 2009, \u00e8 arrivato in Ungheria luned\u00ec pomeriggio. In una conferenza stampa tenutasi all&#8217;aeroporto internazionale Liszt Ferenc, il cittadino ungherese-rumeno ha respinto l&#8217;accusa di aver tentato di compiere un attacco terroristico in Bolivia. Toaso ha [&hellip;]<\/p>\n","protected":false},"author":3,"featured_media":733104,"comment_status":"open","ping_status":"open","sticky":false,"template":"","format":"standard","meta":{"_display_image":"","footnotes":""},"categories":[1185],"tags":[1092],"class_list":["post-733103","post","type-post","status-publish","format-standard","has-post-thumbnail","hentry","category-politica-in-ungheria","tag-ministero-degli-affari-esteri-dellungheria"],"blocksy_meta":[],"author_username":"becsi","telegram_post":"","public_post_metadata":{"breaking_news":"","important":"","csempe":"","center_tile":"","disable_thumbnail":"","target_lang":"","_featured_image_style":"","telegram_post":"","_xlat_group_id":""},"public_rank_math_data":{"title":"%titolo% %sep% %nomesito%","description":"","focus_keyword":"","canonical_url":"","robots":"","primary_category":"1185","breadcrumb_title":"","facebook_title":"","facebook_description":"","facebook_image":"","facebook_image_id":"","twitter_title":"","twitter_description":"","twitter_image":"","twitter_image_id":"","twitter_card_type":"","twitter_use_facebook":"","advanced_robots":"","pillar_content":"","seo_score":"","contentai_score":"","rich_snippet":""},"_links":{"self":[{"href":"https:\/\/dailynewshungary.com\/it\/wp-json\/wp\/v2\/posts\/733103","targetHints":{"allow":["GET"]}}],"collection":[{"href":"https:\/\/dailynewshungary.com\/it\/wp-json\/wp\/v2\/posts"}],"about":[{"href":"https:\/\/dailynewshungary.com\/it\/wp-json\/wp\/v2\/types\/post"}],"author":[{"embeddable":true,"href":"https:\/\/dailynewshungary.com\/it\/wp-json\/wp\/v2\/users\/3"}],"replies":[{"embeddable":true,"href":"https:\/\/dailynewshungary.com\/it\/wp-json\/wp\/v2\/comments?post=733103"}],"version-history":[{"count":0,"href":"https:\/\/dailynewshungary.com\/it\/wp-json\/wp\/v2\/posts\/733103\/revisions"}],"wp:featuredmedia":[{"embeddable":true,"href":"https:\/\/dailynewshungary.com\/it\/wp-json\/wp\/v2\/media\/733104"}],"wp:attachment":[{"href":"https:\/\/dailynewshungary.com\/it\/wp-json\/wp\/v2\/media?parent=733103"}],"wp:term":[{"taxonomy":"category","embeddable":true,"href":"https:\/\/dailynewshungary.com\/it\/wp-json\/wp\/v2\/categories?post=733103"},{"taxonomy":"post_tag","embeddable":true,"href":"https:\/\/dailynewshungary.com\/it\/wp-json\/wp\/v2\/tags?post=733103"}],"curies":[{"name":"wp","href":"https:\/\/api.w.org\/{rel}","templated":true}]}}