{"id":733143,"date":"2015-04-25T13:52:47","date_gmt":"2015-04-25T11:52:47","guid":{"rendered":"https:\/\/dailynewshungary.com\/it\/jobbik-rafforzerebbe-il-controllo-delle-frontiere-per-frenare-limmigrazione\/"},"modified":"2015-04-25T13:52:47","modified_gmt":"2015-04-25T11:52:47","slug":"jobbik-rafforzerebbe-il-controllo-delle-frontiere-per-frenare-limmigrazione","status":"publish","type":"post","link":"https:\/\/dailynewshungary.com\/it\/jobbik-rafforzerebbe-il-controllo-delle-frontiere-per-frenare-limmigrazione\/","title":{"rendered":"Jobbik rafforzerebbe il controllo delle frontiere per frenare l\u2019immigrazione"},"content":{"rendered":"<p><strong>Budapest (MTI) Jobbik accoglie con favore il fatto che il governo abbia riconosciuto l&#8217;importanza di contrastare l&#8217;immigrazione, ma ci\u00f2 pu\u00f2 essere fatto solo attraverso un controllo delle frontiere pi\u00f9 efficace, ha detto venerd\u00ec l&#8217;alto funzionario del partito.<\/strong><\/p>\n<p>L&#8217;opinione del partito nazionalista radicale \u00e8 che, contrariamente ai \u201cdreams\u201d espressi in precedenza dal portavoce del governo, il problema non pu\u00f2 essere risolto nel paese di origine, ha detto Daniel Z Karpat, capogruppo di Jobbik.<\/p>\n<p>Jobbik ritiene che l&#8217;Ungheria dovrebbe chiudere i suoi centri di accoglienza aperti e ripristinare il servizio di guardia di frontiera, che in precedenza era stato fuso con la polizia.<\/p>\n<p>Venerd\u00ec il portavoce del governo ha affermato che le opinioni dell&#8217;Ungheria sull&#8217;immigrazione clandestina non sono molto diverse da quelle dell&#8217;Unione europea, poich\u00e9 anche il governo ungherese affronter\u00e0 il problema nel paese di origine, per cui i migranti illegali non hanno bisogno di partire in primo luogo.<\/p>\n<p>Il portavoce ha detto che in Ungheria si terr\u00e0 una consultazione nazionale sull&#8217;immigrazione e il terrorismo. Le 12 domande che gli ungheresi devono porre per posta includono una sull&#8217;opportunit\u00e0 di consentire la detenzione di oltre 24 ore ai valichi di frontiera illegali, nonostante il divieto dell&#8217;UE di farlo. Un&#8217;altra domanda cercher\u00e0 opinioni sulle ripercussioni se gli immigrati \u201cincoraggiano l&#8217;immigrazione clandestina\u201d e un&#8217;altra sull&#8217;opportunit\u00e0 di dover lavorare per compensare i costi del loro sostentamento in Ungheria.<\/p>\n<p>Venerd\u00ec il primo ministro Viktor Orban ha detto che la sua posizione sull&#8217;immigrazione \u00e8 che l&#8217;Europa non ha bisogno di immigrati e che dovrebbe invece attuare buone politiche familiari e occupazionali, ha detto che l&#8217;Ungheria ha proposto che ogni singolo stato membro dell&#8217;UE decida quali misure attuare al fine di mettere un freno all&#8217;ondata di rifugiati.<\/p>\n<p><em>Foto: MTI<\/em><\/p>\n","protected":false},"excerpt":{"rendered":"<p>Budapest (MTI) Jobbik accoglie con favore il fatto che il governo abbia riconosciuto l&#8217;importanza di contrastare l&#8217;immigrazione, ma ci\u00f2 pu\u00f2 essere fatto solo attraverso un controllo delle frontiere pi\u00f9 efficace, ha detto venerd\u00ec l&#8217;alto funzionario del partito. L&#8217;opinione del partito nazionalista radicale \u00e8 che, contrariamente ai \u201cdreams\u201d espressi in precedenza dal portavoce del governo, il [&hellip;]<\/p>\n","protected":false},"author":2,"featured_media":733144,"comment_status":"open","ping_status":"open","sticky":false,"template":"","format":"standard","meta":{"_display_image":"","footnotes":""},"categories":[1185],"tags":[1412,1291],"class_list":["post-733143","post","type-post","status-publish","format-standard","has-post-thumbnail","hentry","category-politica-in-ungheria","tag-jobbik","tag-migrazione"],"blocksy_meta":[],"author_username":"alk","telegram_post":"","public_post_metadata":{"breaking_news":"","important":"","csempe":"","center_tile":"","disable_thumbnail":"","target_lang":"","_featured_image_style":"","telegram_post":"","_xlat_group_id":""},"public_rank_math_data":{"title":"%titolo% %sep% %nomesito%","description":"","focus_keyword":"","canonical_url":"","robots":"","primary_category":"1185","breadcrumb_title":"","facebook_title":"","facebook_description":"","facebook_image":"","facebook_image_id":"","twitter_title":"","twitter_description":"","twitter_image":"","twitter_image_id":"","twitter_card_type":"","twitter_use_facebook":"","advanced_robots":"","pillar_content":"","seo_score":"","contentai_score":"","rich_snippet":""},"_links":{"self":[{"href":"https:\/\/dailynewshungary.com\/it\/wp-json\/wp\/v2\/posts\/733143","targetHints":{"allow":["GET"]}}],"collection":[{"href":"https:\/\/dailynewshungary.com\/it\/wp-json\/wp\/v2\/posts"}],"about":[{"href":"https:\/\/dailynewshungary.com\/it\/wp-json\/wp\/v2\/types\/post"}],"author":[{"embeddable":true,"href":"https:\/\/dailynewshungary.com\/it\/wp-json\/wp\/v2\/users\/2"}],"replies":[{"embeddable":true,"href":"https:\/\/dailynewshungary.com\/it\/wp-json\/wp\/v2\/comments?post=733143"}],"version-history":[{"count":0,"href":"https:\/\/dailynewshungary.com\/it\/wp-json\/wp\/v2\/posts\/733143\/revisions"}],"wp:featuredmedia":[{"embeddable":true,"href":"https:\/\/dailynewshungary.com\/it\/wp-json\/wp\/v2\/media\/733144"}],"wp:attachment":[{"href":"https:\/\/dailynewshungary.com\/it\/wp-json\/wp\/v2\/media?parent=733143"}],"wp:term":[{"taxonomy":"category","embeddable":true,"href":"https:\/\/dailynewshungary.com\/it\/wp-json\/wp\/v2\/categories?post=733143"},{"taxonomy":"post_tag","embeddable":true,"href":"https:\/\/dailynewshungary.com\/it\/wp-json\/wp\/v2\/tags?post=733143"}],"curies":[{"name":"wp","href":"https:\/\/api.w.org\/{rel}","templated":true}]}}