{"id":733157,"date":"2015-04-24T12:00:37","date_gmt":"2015-04-24T10:00:37","guid":{"rendered":"https:\/\/dailynewshungary.com\/it\/orban-leuropa-deve-proteggere-i-suoi-confini\/"},"modified":"2015-04-24T12:00:37","modified_gmt":"2015-04-24T10:00:37","slug":"orban-leuropa-deve-proteggere-i-suoi-confini","status":"publish","type":"post","link":"https:\/\/dailynewshungary.com\/it\/orban-leuropa-deve-proteggere-i-suoi-confini\/","title":{"rendered":"Orban: l\u2019Europa deve proteggere i suoi confini"},"content":{"rendered":"<p><strong>Budapest, 4 aprile (MTI) 2 L&#8217;Europa deve proteggere i suoi confini, e per questo deve applicare serie misure di polizia e militari, ha detto il primo ministro Viktor Orban nella sua regolare intervista di venerd\u00ec mattina alla radio pubblica.<\/strong><\/p>\n<p>Commentando il vertice speciale di Bruxelles di gioved\u00ec sulla questione dei rifugiati, Orban ha osservato che l&#8217;UE sta triplicando i finanziamenti per il salvataggio dei migranti dal Nord Africa che attraversano il Mediterraneo.<\/p>\n<p>Orban ha detto a Kossuth Radio che non \u00e8 sufficiente difendere i confini dell&#8217;Europa ma che devono essere messe in atto politiche per aiutare ad alimentare il desiderio dei potenziali rifugiati di rimanere nelle loro terre d&#8217;origine.<\/p>\n<p>Ha aggiunto che il vertice si \u00e8 concentrato sui rifugiati che arrivano via mare, ma l&#8217;Ungheria \u00e8 colpita dai rifugiati che arrivano a terra, che sar\u00e0 discusso dall&#8217;UE a giugno, quando \u00e8 prevista la preparazione di una strategia globale sulla migrazione.<\/p>\n<p>Gioved\u00ec anche i capi di governo dei quattro paesi di Visegrad hanno tenuto consultazioni, approvando una posizione comune che riguarda principalmente i rifugiati che arrivano a terra, ha detto Orban, Lo ha presentato il primo ministro slovacco Robert Fico al vertice Ue, ha aggiunto.<\/p>\n<p>Orban ha sottolineato un punto di vista avanzato dall&#8217;Ungheria secondo cui sarebbe meglio se ogni singolo Stato membro dell&#8217;UE potesse decidere quali misure attuare per frenare l&#8217;ondata di rifugiati. Ha detto che il governo lancer\u00e0 presto una consultazione nazionale sui valichi di frontiera illegali. Alle persone verr\u00e0 chiesto se sono d&#8217;accordo con l&#8217;arresto dei valichi di frontiera illegali, se dovrebbero essere immediatamente espulsi e se ci si dovrebbe aspettare che lavorino mentre sono in Ungheria per sostenere i costi di alloggio e cibo. Orban ha aggiunto che tali opzioni attualmente infrangeranno le regole dell&#8217;UE, che ha descritto come ottuse perch\u00e9 \u201cparalyse\u201d Stati membri.<\/p>\n<p>Finch\u00e9 i rifugiati potranno viaggiare pi\u00f9 lontano dall&#8217;Ungheria, non ci saranno problemi, ma \u201ci tedeschi e gli austriaci non permetteranno a&#8230; gli immigrati illegali nell&#8217;UE di recarsi liberamente nei loro paesi, ha detto\u201d Orban.<\/p>\n<p>Il premier ha ribadito la sua convinzione che l&#8217;Europa non ha bisogno di immigrati ma di buone politiche per le famiglie e l&#8217;occupazione, Si tratta di una questione su cui la sua posizione \u00e8 lontana dal mainstream, ha aggiunto.<\/p>\n<p><em>Foto: MTI<\/em><\/p>\n","protected":false},"excerpt":{"rendered":"<p>Budapest, 4 aprile (MTI) 2 L&#8217;Europa deve proteggere i suoi confini, e per questo deve applicare serie misure di polizia e militari, ha detto il primo ministro Viktor Orban nella sua regolare intervista di venerd\u00ec mattina alla radio pubblica. Commentando il vertice speciale di Bruxelles di gioved\u00ec sulla questione dei rifugiati, Orban ha osservato che [&hellip;]<\/p>\n","protected":false},"author":2,"featured_media":733158,"comment_status":"open","ping_status":"open","sticky":false,"template":"","format":"standard","meta":{"_display_image":"","footnotes":""},"categories":[1185],"tags":[1291,1083],"class_list":["post-733157","post","type-post","status-publish","format-standard","has-post-thumbnail","hentry","category-politica-in-ungheria","tag-migrazione","tag-viktor-orban"],"blocksy_meta":[],"author_username":"alk","telegram_post":"","public_post_metadata":{"breaking_news":"","important":"","csempe":"","center_tile":"","disable_thumbnail":"","target_lang":"","_featured_image_style":"","telegram_post":"","_xlat_group_id":""},"public_rank_math_data":{"title":"%titolo% %sep% %nomesito%","description":"","focus_keyword":"","canonical_url":"","robots":"","primary_category":"1185","breadcrumb_title":"","facebook_title":"","facebook_description":"","facebook_image":"","facebook_image_id":"","twitter_title":"","twitter_description":"","twitter_image":"","twitter_image_id":"","twitter_card_type":"","twitter_use_facebook":"","advanced_robots":"","pillar_content":"","seo_score":"","contentai_score":"","rich_snippet":""},"_links":{"self":[{"href":"https:\/\/dailynewshungary.com\/it\/wp-json\/wp\/v2\/posts\/733157","targetHints":{"allow":["GET"]}}],"collection":[{"href":"https:\/\/dailynewshungary.com\/it\/wp-json\/wp\/v2\/posts"}],"about":[{"href":"https:\/\/dailynewshungary.com\/it\/wp-json\/wp\/v2\/types\/post"}],"author":[{"embeddable":true,"href":"https:\/\/dailynewshungary.com\/it\/wp-json\/wp\/v2\/users\/2"}],"replies":[{"embeddable":true,"href":"https:\/\/dailynewshungary.com\/it\/wp-json\/wp\/v2\/comments?post=733157"}],"version-history":[{"count":0,"href":"https:\/\/dailynewshungary.com\/it\/wp-json\/wp\/v2\/posts\/733157\/revisions"}],"wp:featuredmedia":[{"embeddable":true,"href":"https:\/\/dailynewshungary.com\/it\/wp-json\/wp\/v2\/media\/733158"}],"wp:attachment":[{"href":"https:\/\/dailynewshungary.com\/it\/wp-json\/wp\/v2\/media?parent=733157"}],"wp:term":[{"taxonomy":"category","embeddable":true,"href":"https:\/\/dailynewshungary.com\/it\/wp-json\/wp\/v2\/categories?post=733157"},{"taxonomy":"post_tag","embeddable":true,"href":"https:\/\/dailynewshungary.com\/it\/wp-json\/wp\/v2\/tags?post=733157"}],"curies":[{"name":"wp","href":"https:\/\/api.w.org\/{rel}","templated":true}]}}