{"id":733167,"date":"2015-04-23T18:00:42","date_gmt":"2015-04-23T16:00:42","guid":{"rendered":"https:\/\/dailynewshungary.com\/it\/i-socialisti-accusano-il-governo-di-rimuovere-il-controllo-democratico-nellistruzione\/"},"modified":"2015-04-23T18:00:42","modified_gmt":"2015-04-23T16:00:42","slug":"i-socialisti-accusano-il-governo-di-rimuovere-il-controllo-democratico-nellistruzione","status":"publish","type":"post","link":"https:\/\/dailynewshungary.com\/it\/i-socialisti-accusano-il-governo-di-rimuovere-il-controllo-democratico-nellistruzione\/","title":{"rendered":"I socialisti accusano il governo di rimuovere il controllo democratico nell\u2019istruzione"},"content":{"rendered":"<p><strong>Budapest, 3 aprile (MTI) 2 opposizione Il Partito Socialista ha accusato il governo di rimuovere il controllo democratico e il diritto di autogoverno nell&#8217;istruzione, rendendo di fatto i partecipanti al settore \u201csubjects\u201d.<\/strong><\/p>\n<p>Gioved\u00ec il leader del partito Jozsef Tobias ha dichiarato in una conferenza che l&#8217;accesso alla conoscenza \u00e8 di vitale importanza Ogni paese europeo, ad eccezione dell&#8217;Ungheria, si \u00e8 reso conto che la riduzione della povert\u00e0 e l&#8217;espansione delle pari opportunit\u00e0 dipendono dall&#8217;ampliamento dell&#8217;accesso all&#8217;istruzione. L&#8217;Ungheria non \u00e8 riuscita a capire che il successo di una persona si basa sulla capacit\u00e0 di svilupparsi continuamente sulla base di solide basi di conoscenza, ha aggiunto.<\/p>\n<p>Il governo ungherese negli ultimi cinque anni ha privato le scuole del loro controllo democratico, ha affermato, aggiungendo che da quando le scuole sono state sottratte al controllo degli enti locali e poste sotto l&#8217;egida di un ente statale, il Centro Klebersberg, n\u00e9 gli insegnanti, n\u00e9 i genitori, n\u00e9 gli alunni hanno pi\u00f9 la libert\u00e0 di personalizzare il curriculum in base alle loro esigenze.<\/p>\n<p>Il portavoce del partito per l&#8217;istruzione, Istvan Hiller, ha affermato che dalle misure del governo emerge chiaramente che si sta cercando di indottrinare politicamente e ideologicamente i giovani, mentre il finanziamento dell&#8217;istruzione superiore \u00e8 finalizzato a massimizzare la capacit\u00e0 del governo di esercitare il potere.<\/p>\n<p>L&#8217;et\u00e0 minima per lasciare la scuola dovrebbe essere ripristinata a 18 anni dai 16, ha detto, aggiungendo che l&#8217;innalzamento piuttosto che l&#8217;abbassamento della soglia di et\u00e0 \u00e8 una tendenza globale Il problema pi\u00f9 grande \u00e8 la formazione professionale Invece di diventare apprendisti, agli studenti dovrebbe essere data la capacit\u00e0 di acquisire il tipo di conoscenza che possono adattare alle loro esigenze future.<\/p>\n<p><em>Foto: MTI<\/em><\/p>\n","protected":false},"excerpt":{"rendered":"<p>Budapest, 3 aprile (MTI) 2 opposizione Il Partito Socialista ha accusato il governo di rimuovere il controllo democratico e il diritto di autogoverno nell&#8217;istruzione, rendendo di fatto i partecipanti al settore \u201csubjects\u201d. Gioved\u00ec il leader del partito Jozsef Tobias ha dichiarato in una conferenza che l&#8217;accesso alla conoscenza \u00e8 di vitale importanza Ogni paese europeo, [&hellip;]<\/p>\n","protected":false},"author":2,"featured_media":733168,"comment_status":"open","ping_status":"open","sticky":false,"template":"","format":"standard","meta":{"_display_image":"","footnotes":""},"categories":[1185],"tags":[1835],"class_list":["post-733167","post","type-post","status-publish","format-standard","has-post-thumbnail","hentry","category-politica-in-ungheria","tag-educazione"],"blocksy_meta":[],"author_username":"alk","telegram_post":"","public_post_metadata":{"breaking_news":"","important":"","csempe":"","center_tile":"","disable_thumbnail":"","target_lang":"","_featured_image_style":"","telegram_post":"","_xlat_group_id":""},"public_rank_math_data":{"title":"%titolo% %sep% %nomesito%","description":"","focus_keyword":"","canonical_url":"","robots":"","primary_category":"1185","breadcrumb_title":"","facebook_title":"","facebook_description":"","facebook_image":"","facebook_image_id":"","twitter_title":"","twitter_description":"","twitter_image":"","twitter_image_id":"","twitter_card_type":"","twitter_use_facebook":"","advanced_robots":"","pillar_content":"","seo_score":"","contentai_score":"","rich_snippet":""},"_links":{"self":[{"href":"https:\/\/dailynewshungary.com\/it\/wp-json\/wp\/v2\/posts\/733167","targetHints":{"allow":["GET"]}}],"collection":[{"href":"https:\/\/dailynewshungary.com\/it\/wp-json\/wp\/v2\/posts"}],"about":[{"href":"https:\/\/dailynewshungary.com\/it\/wp-json\/wp\/v2\/types\/post"}],"author":[{"embeddable":true,"href":"https:\/\/dailynewshungary.com\/it\/wp-json\/wp\/v2\/users\/2"}],"replies":[{"embeddable":true,"href":"https:\/\/dailynewshungary.com\/it\/wp-json\/wp\/v2\/comments?post=733167"}],"version-history":[{"count":0,"href":"https:\/\/dailynewshungary.com\/it\/wp-json\/wp\/v2\/posts\/733167\/revisions"}],"wp:featuredmedia":[{"embeddable":true,"href":"https:\/\/dailynewshungary.com\/it\/wp-json\/wp\/v2\/media\/733168"}],"wp:attachment":[{"href":"https:\/\/dailynewshungary.com\/it\/wp-json\/wp\/v2\/media?parent=733167"}],"wp:term":[{"taxonomy":"category","embeddable":true,"href":"https:\/\/dailynewshungary.com\/it\/wp-json\/wp\/v2\/categories?post=733167"},{"taxonomy":"post_tag","embeddable":true,"href":"https:\/\/dailynewshungary.com\/it\/wp-json\/wp\/v2\/tags?post=733167"}],"curies":[{"name":"wp","href":"https:\/\/api.w.org\/{rel}","templated":true}]}}