{"id":733251,"date":"2015-04-18T19:00:21","date_gmt":"2015-04-18T17:00:21","guid":{"rendered":"https:\/\/dailynewshungary.com\/it\/ogni-caldo-record-battuto\/"},"modified":"2015-04-18T19:00:21","modified_gmt":"2015-04-18T17:00:21","slug":"ogni-caldo-record-battuto","status":"publish","type":"post","link":"https:\/\/dailynewshungary.com\/it\/ogni-caldo-record-battuto\/","title":{"rendered":"Ogni caldo record battuto"},"content":{"rendered":"<p><strong>C&#8217;erano 28,6 \u00b0C a Ujpest, Budapest, 29 a Osli, contea di Gyor-Moson-Sopron Finora, la cima del 16 aprile era di 27,6 \u00b0C, misurata a Szarvas, contea di Bekes nel 1952, ha detto ma.hu.<\/strong><\/p>\n<p>Le temperature diurne erano di circa 25-26 gradi Celsius in molte zone del paese, il che \u00e8 appropriato per la seconda met\u00e0 di giugno, in base alla media di molti anni Il nuovo record nazionale \u00e8 di 29 \u00b0C misurato a Osli.<\/p>\n<p>Fino ad ora, questo giorno era il pi\u00f9 caldo a Budapest anche nel 1952. poi era 26,6 \u00b0C. Questo \u00e8 stato rotto di 2 gradi ora perch\u00e9 c&#8217;era 28,6 \u00b0C in Ujpest.<\/p>\n<p>Tuttavia, il servizio meteorologico ha anche notato che il calore estivo non durer\u00e0 a lungo: venerd\u00ec pomeriggio arriva un fronte freddo che porta un forte raffreddamento, ha detto ma.hu.<\/p>\n<p>Tanto che le temperature scenderanno sotto lo zero a volte anche a due metri di altezza di notte e nelle prime ore del mattino.<\/p>\n<p><em>basato sull&#8217;articolo di ma.hu<br \/>\ntradotto da BA<\/em><\/p>\n<p><em>Foto: Pixabay.com<\/em><\/p>\n","protected":false},"excerpt":{"rendered":"<p>C&#8217;erano 28,6 \u00b0C a Ujpest, Budapest, 29 a Osli, contea di Gyor-Moson-Sopron Finora, la cima del 16 aprile era di 27,6 \u00b0C, misurata a Szarvas, contea di Bekes nel 1952, ha detto ma.hu. Le temperature diurne erano di circa 25-26 gradi Celsius in molte zone del paese, il che \u00e8 appropriato per la seconda met\u00e0 [&hellip;]<\/p>\n","protected":false},"author":3,"featured_media":733252,"comment_status":"open","ping_status":"open","sticky":false,"template":"","format":"standard","meta":{"_display_image":"","footnotes":""},"categories":[1207],"tags":[1210],"class_list":["post-733251","post","type-post","status-publish","format-standard","has-post-thumbnail","hentry","category-societa-in-ungheria","tag-meteo"],"blocksy_meta":[],"author_username":"becsi","telegram_post":"","public_post_metadata":{"breaking_news":"","important":"","csempe":"","center_tile":"","disable_thumbnail":"","target_lang":"","_featured_image_style":"","telegram_post":"","_xlat_group_id":""},"public_rank_math_data":{"title":"%titolo% %sep% %nomesito%","description":"","focus_keyword":"","canonical_url":"","robots":"","primary_category":"1207","breadcrumb_title":"","facebook_title":"","facebook_description":"","facebook_image":"","facebook_image_id":"","twitter_title":"","twitter_description":"","twitter_image":"","twitter_image_id":"","twitter_card_type":"","twitter_use_facebook":"","advanced_robots":"","pillar_content":"","seo_score":"","contentai_score":"","rich_snippet":""},"_links":{"self":[{"href":"https:\/\/dailynewshungary.com\/it\/wp-json\/wp\/v2\/posts\/733251","targetHints":{"allow":["GET"]}}],"collection":[{"href":"https:\/\/dailynewshungary.com\/it\/wp-json\/wp\/v2\/posts"}],"about":[{"href":"https:\/\/dailynewshungary.com\/it\/wp-json\/wp\/v2\/types\/post"}],"author":[{"embeddable":true,"href":"https:\/\/dailynewshungary.com\/it\/wp-json\/wp\/v2\/users\/3"}],"replies":[{"embeddable":true,"href":"https:\/\/dailynewshungary.com\/it\/wp-json\/wp\/v2\/comments?post=733251"}],"version-history":[{"count":0,"href":"https:\/\/dailynewshungary.com\/it\/wp-json\/wp\/v2\/posts\/733251\/revisions"}],"wp:featuredmedia":[{"embeddable":true,"href":"https:\/\/dailynewshungary.com\/it\/wp-json\/wp\/v2\/media\/733252"}],"wp:attachment":[{"href":"https:\/\/dailynewshungary.com\/it\/wp-json\/wp\/v2\/media?parent=733251"}],"wp:term":[{"taxonomy":"category","embeddable":true,"href":"https:\/\/dailynewshungary.com\/it\/wp-json\/wp\/v2\/categories?post=733251"},{"taxonomy":"post_tag","embeddable":true,"href":"https:\/\/dailynewshungary.com\/it\/wp-json\/wp\/v2\/tags?post=733251"}],"curies":[{"name":"wp","href":"https:\/\/api.w.org\/{rel}","templated":true}]}}