{"id":733291,"date":"2015-04-16T12:00:30","date_gmt":"2015-04-16T10:00:30","guid":{"rendered":"https:\/\/dailynewshungary.com\/it\/cool-e-nato-un-nuovo-marchio-di-vino\/"},"modified":"2015-04-16T12:00:30","modified_gmt":"2015-04-16T10:00:30","slug":"cool-e-nato-un-nuovo-marchio-di-vino","status":"publish","type":"post","link":"https:\/\/dailynewshungary.com\/it\/cool-e-nato-un-nuovo-marchio-di-vino\/","title":{"rendered":"Cool, \u00e8 nato un nuovo marchio di vino!"},"content":{"rendered":"<p><strong>Villanyi Franc esiste davvero Non \u00e8 fittizio e non \u00e8 solo un sogno di viticoltori e amanti del vino, ha detto hvg.hu.<\/strong><\/p>\n<p>Il Ministro dell&#8217;Agricoltura ha approvato e firmato le modifiche al sistema di protezione dell&#8217;origine della regione vinicola di Villany. Cosa significa?<\/p>\n<p>Da ora, i Franchi premium Villanyi potranno essere esposti con il marchio Villanyi Franc sulle loro bottiglie.<\/p>\n<p>Il sistema di protezione dell&#8217;origine Villanyi, lanciato per primo in Ungheria, ha subito innovazioni significative in relazione al franco lo scorso anno. Il Consiglio della Regione vinicola di Villany ha definito i criteri di qualit\u00e0 del Cabernet Franc premium e super premium e ha dato vita al nuovo marchio enologico di punta della regione vinicola.<\/p>\n<p>Il Cabernet Franc \u00e8 una variet\u00e0 che raramente appare come vino separato Non cos\u00ec nella regione vinicola di Villany, dove ha trovato la sua sede naturale Grazie alla speciale posizione di coltivazione, al clima e agli eccellenti viticoltori della regione vinicola, il vino fatto di Cabernet Franc, che ha raggiunto la valutazione premium o super premium, \u00e8 Villanyi Franc.<\/p>\n<p>L&#8217;uva \u00e8 ora pari al 14% delle piantagioni della regione vinicola A causa del terreno calcareo puro e dell&#8217;abbondanza di sole, l&#8217;uva d\u00e0 vino forte e complesso, ma vivace e fresco.<\/p>\n<p>Oltre al tipo di carattere, lascia spazio all&#8217;individualit\u00e0 del viticoltore \u00c8 elegante ed equilibrato, comprendeva l&#8217;artista della messa a punto, la diversit\u00e0 Villanyi Franc ottiene almeno un anno di maturazione in botti di rovere ed \u00e8 anche grato per la lunga maturazione in bottiglia.<\/p>\n<p><em>basato sull&#8217;articolo di hvg.hu<br \/>\ntradotto da BA<\/em><\/p>\n<p><em>Foto: www.villanyiborvidek.hu<\/em><\/p>\n","protected":false},"excerpt":{"rendered":"<p>Villanyi Franc esiste davvero Non \u00e8 fittizio e non \u00e8 solo un sogno di viticoltori e amanti del vino, ha detto hvg.hu. Il Ministro dell&#8217;Agricoltura ha approvato e firmato le modifiche al sistema di protezione dell&#8217;origine della regione vinicola di Villany. Cosa significa? Da ora, i Franchi premium Villanyi potranno essere esposti con il marchio [&hellip;]<\/p>\n","protected":false},"author":3,"featured_media":733292,"comment_status":"open","ping_status":"open","sticky":false,"template":"","format":"standard","meta":{"_display_image":"","footnotes":""},"categories":[1344],"tags":[1352],"class_list":["post-733291","post","type-post","status-publish","format-standard","has-post-thumbnail","hentry","category-speciale-ungheria","tag-vino"],"blocksy_meta":[],"author_username":"becsi","telegram_post":"","public_post_metadata":{"breaking_news":"","important":"","csempe":"","center_tile":"","disable_thumbnail":"","target_lang":"","_featured_image_style":"","telegram_post":"","_xlat_group_id":""},"public_rank_math_data":{"title":"%titolo% %sep% %nomesito%","description":"","focus_keyword":"","canonical_url":"","robots":"","primary_category":"1344","breadcrumb_title":"","facebook_title":"","facebook_description":"","facebook_image":"","facebook_image_id":"","twitter_title":"","twitter_description":"","twitter_image":"","twitter_image_id":"","twitter_card_type":"","twitter_use_facebook":"","advanced_robots":"","pillar_content":"","seo_score":"","contentai_score":"","rich_snippet":""},"_links":{"self":[{"href":"https:\/\/dailynewshungary.com\/it\/wp-json\/wp\/v2\/posts\/733291","targetHints":{"allow":["GET"]}}],"collection":[{"href":"https:\/\/dailynewshungary.com\/it\/wp-json\/wp\/v2\/posts"}],"about":[{"href":"https:\/\/dailynewshungary.com\/it\/wp-json\/wp\/v2\/types\/post"}],"author":[{"embeddable":true,"href":"https:\/\/dailynewshungary.com\/it\/wp-json\/wp\/v2\/users\/3"}],"replies":[{"embeddable":true,"href":"https:\/\/dailynewshungary.com\/it\/wp-json\/wp\/v2\/comments?post=733291"}],"version-history":[{"count":0,"href":"https:\/\/dailynewshungary.com\/it\/wp-json\/wp\/v2\/posts\/733291\/revisions"}],"wp:featuredmedia":[{"embeddable":true,"href":"https:\/\/dailynewshungary.com\/it\/wp-json\/wp\/v2\/media\/733292"}],"wp:attachment":[{"href":"https:\/\/dailynewshungary.com\/it\/wp-json\/wp\/v2\/media?parent=733291"}],"wp:term":[{"taxonomy":"category","embeddable":true,"href":"https:\/\/dailynewshungary.com\/it\/wp-json\/wp\/v2\/categories?post=733291"},{"taxonomy":"post_tag","embeddable":true,"href":"https:\/\/dailynewshungary.com\/it\/wp-json\/wp\/v2\/tags?post=733291"}],"curies":[{"name":"wp","href":"https:\/\/api.w.org\/{rel}","templated":true}]}}