{"id":733301,"date":"2015-04-15T18:00:06","date_gmt":"2015-04-15T16:00:06","guid":{"rendered":"https:\/\/dailynewshungary.com\/it\/liget-e-oggi-il-piu-grande-sviluppo-museale-deuropa\/"},"modified":"2015-04-15T18:00:06","modified_gmt":"2015-04-15T16:00:06","slug":"liget-e-oggi-il-piu-grande-sviluppo-museale-deuropa","status":"publish","type":"post","link":"https:\/\/dailynewshungary.com\/it\/liget-e-oggi-il-piu-grande-sviluppo-museale-deuropa\/","title":{"rendered":"Liget \u00e8 oggi il pi\u00f9 grande sviluppo museale d\u2019Europa"},"content":{"rendered":"<p><strong>Liget \u00e8 oggi il pi\u00f9 grande sviluppo museale d&#8217;Europa; \u00e8 naturale che ci siano opinioni diverse (Laszlo Baan, direttore generale del Museo delle Belle Arti e commissario ministeriale del progetto, ha risposto ai dubbi sul cambiamento della direzione dello sviluppo nel dibattito al Teatro Katona Jozsef di luned\u00ec, ha detto hvg.hu.<\/strong><\/p>\n<p>Alida Veiszer, leader della conversazione, ha ricordato che il segretario parlamentare del primo ministro Laszlo L. Simon ha detto: il nuovo edificio della Galleria Nazionale Ungherese (MNG) avrebbe dovuto essere nel Castello di Buda invece che nel Parco della Citt\u00e0, poich\u00e9 anche l&#8217;architetto Gabor Zoboki ha prodotto piani simili, secondo il moderatore. Tuttavia, Laszlo Baan ha affermato che non c&#8217;\u00e8 stato un nuovo slancio nella disputa.<\/p>\n<p>Laszlo Baan ha detto per rispondere alle domande sul Museo dei Trasporti: sarebbe stato chiuso il 15 aprile, la maggior parte degli oggetti della collezione sarebbero stati visti in luoghi di esposizione temporanea dalla fine dell&#8217;estate e sarebbero tornati in un nuovo edificio 2018 Ha sottolineato che non solo avrebbero ripristinato lo status del museo prima della guerra, ma sarebbero stati costruiti anche due livelli sotterranei.<\/p>\n<p>Come ha ricordato, la mostra di storia dell&#8217;aviazione \u00e8 gi\u00e0 separata, diversi veicoli sono deposito del Museo dei Trasporti nel Museo Ferroviario, e una parte dei tram sono a Szentendre Ha detto che sarebbe opportuno riunire in un unico luogo i grandi veicoli, la sala Diesel del riparatore di veicoli del Nord sarebbe l&#8217;ideale, ma \u00e8 costato 5-10 miliardi di HUF quindi il governo ha dovuto decidere su di esso.<\/p>\n<p>Baan ha sostenuto il Museo della Foto di Budapest, perch\u00e9 ci sono quattro creatori, tutti legati alla fotografia, che vengono conteggiati nei 20<sup>th<\/sup> (Moholy K), arte visiva ungherese: Moholy-Nagy, Andre Kertesz, Capa e Brassai Un museo fotografico ungherese potrebbe presentare star internazionali, ma potrebbe anche mostrare contemporanei come Andras Dezso dagli Stati Uniti.<\/p>\n<p>L&#8217;architetto Mihaly Balazs ha detto a proposito del Museo architettonico ungherese che l&#8217;architettura non pu\u00f2 essere esposta, ma ci sono \u201cproducts\u201d che rappresentano il valore come progetto o modello Lo storico dell&#8217;arte Istvan Barkoczi presenterebbe frammenti di edifici storici e modelli di edifici famosi esistenti, ma al contrario, Laszlo Baan ha detto che avrebbe voluto che il Museo esaminasse l&#8217;architettura in una prospettiva socio-storica, come un&#8217;avventura.<\/p>\n<p>Secondo l&#8217;esteta Peter Gyorgy, ci sono alcuni buoni musei di architettura nel mondo. Pensa che un museo di architettura potrebbe offrire l&#8217;opportunit\u00e0 che l&#8217;architettura diventi nuovamente parte del discorso pubblico ungherese.<\/p>\n<p>Alla domanda sui progressi, Laszlo Baan ha detto che la pianificazione urbana deve essere modificata e che deve essere annunciato un concorso internazionale di progettazione, il governo si \u00e8 preso cura delle risorse necessarie.<\/p>\n<p>La questione degli spazi verdi \u00e8 un problema interessante, ha aggiunto il 3. Attualmente, il 5% del Parco cittadino ha una superficie cementata, quindi a scapito di essa, la proporzione degli spazi verdi pu\u00f2 essere aumentata nonostante le costruzioni.<\/p>\n<p>Istvan Barkoczi ha messo in dubbio la fusione del Museo di Belle Arti e della Galleria Nazionale, dicendo che \u201cera una cosa legittima presentare separatamente la collezione nazionale di un paese\u201d Peter Gyorgy non era d&#8217;accordo con questo Mihaly Balazs ha detto \u201cnon \u00e8 una cosa eretica\u201d innalzare nuovi edifici al posto di quelli demoliti Ha detto che il Liget era una condizione terribile e sarebbe stato molto meglio dopo il progetto Istvan Barkoczi credeva che la collezione della Galleria Nazionale dovesse essere conservata separatamente dal Museo di Belle Arti nella sua sede attuale o in un nuovo edificio nella tergia Szent Gyorgy nel Castello, perch\u00e9 \u00e8 necessario per la rivitalizzazione del Castello.<\/p>\n<p>Peter Gyorgy disse che il Castello era stato uno spazio politico difficile dal 1945 e da allora non c&#8217;erano state buone soluzioni. La riqualificazione del Palazzo nell&#8217;era Kadar aveva creato luoghi inutilizzabili e bisognava fare qualcosa, ha detto.<\/p>\n<p>Laszlo Baan ha affermato che i cinque musei del progetto potrebbero essere costruiti in molti altri luoghi della citt\u00e0, ma non c&#8217;erano reali possibilit\u00e0 che venissero realizzati separatamente, se il governo considerasse anche il ritorno economico del progetto, dal momento che un marchio Liget solo con musei, zoo, bagno e parco sarebbero in grado di attirare un milione di visitatori in pi\u00f9 all&#8217;anno.<\/p>\n<p><em>basato sull&#8217;articolo di hvg.hu<br \/>\ntradotto da BA<\/em><\/p>\n<p><em>Foto: www.epiteszforum.hu<\/em><\/p>\n","protected":false},"excerpt":{"rendered":"<p>Liget \u00e8 oggi il pi\u00f9 grande sviluppo museale d&#8217;Europa; \u00e8 naturale che ci siano opinioni diverse (Laszlo Baan, direttore generale del Museo delle Belle Arti e commissario ministeriale del progetto, ha risposto ai dubbi sul cambiamento della direzione dello sviluppo nel dibattito al Teatro Katona Jozsef di luned\u00ec, ha detto hvg.hu. Alida Veiszer, leader della [&hellip;]<\/p>\n","protected":false},"author":3,"featured_media":733302,"comment_status":"open","ping_status":"open","sticky":false,"template":"","format":"standard","meta":{"_display_image":"","footnotes":""},"categories":[1304],"tags":[1158],"class_list":["post-733301","post","type-post","status-publish","format-standard","has-post-thumbnail","hentry","category-cultura-in-ungheria","tag-budapest"],"blocksy_meta":[],"author_username":"becsi","telegram_post":"","public_post_metadata":{"breaking_news":"","important":"","csempe":"","center_tile":"","disable_thumbnail":"","target_lang":"","_featured_image_style":"","telegram_post":"","_xlat_group_id":""},"public_rank_math_data":{"title":"%titolo% %sep% %nomesito%","description":"","focus_keyword":"","canonical_url":"","robots":"","primary_category":"1304","breadcrumb_title":"","facebook_title":"","facebook_description":"","facebook_image":"","facebook_image_id":"","twitter_title":"","twitter_description":"","twitter_image":"","twitter_image_id":"","twitter_card_type":"","twitter_use_facebook":"","advanced_robots":"","pillar_content":"","seo_score":"","contentai_score":"","rich_snippet":""},"_links":{"self":[{"href":"https:\/\/dailynewshungary.com\/it\/wp-json\/wp\/v2\/posts\/733301","targetHints":{"allow":["GET"]}}],"collection":[{"href":"https:\/\/dailynewshungary.com\/it\/wp-json\/wp\/v2\/posts"}],"about":[{"href":"https:\/\/dailynewshungary.com\/it\/wp-json\/wp\/v2\/types\/post"}],"author":[{"embeddable":true,"href":"https:\/\/dailynewshungary.com\/it\/wp-json\/wp\/v2\/users\/3"}],"replies":[{"embeddable":true,"href":"https:\/\/dailynewshungary.com\/it\/wp-json\/wp\/v2\/comments?post=733301"}],"version-history":[{"count":0,"href":"https:\/\/dailynewshungary.com\/it\/wp-json\/wp\/v2\/posts\/733301\/revisions"}],"wp:featuredmedia":[{"embeddable":true,"href":"https:\/\/dailynewshungary.com\/it\/wp-json\/wp\/v2\/media\/733302"}],"wp:attachment":[{"href":"https:\/\/dailynewshungary.com\/it\/wp-json\/wp\/v2\/media?parent=733301"}],"wp:term":[{"taxonomy":"category","embeddable":true,"href":"https:\/\/dailynewshungary.com\/it\/wp-json\/wp\/v2\/categories?post=733301"},{"taxonomy":"post_tag","embeddable":true,"href":"https:\/\/dailynewshungary.com\/it\/wp-json\/wp\/v2\/tags?post=733301"}],"curies":[{"name":"wp","href":"https:\/\/api.w.org\/{rel}","templated":true}]}}