{"id":733333,"date":"2015-04-14T02:05:21","date_gmt":"2015-04-14T00:05:21","guid":{"rendered":"https:\/\/dailynewshungary.com\/it\/fm-szijjarto-lue-deve-dare-risposte-rapide-alle-questioni-del-sud-e-del-medio-oriente\/"},"modified":"2015-04-14T02:05:21","modified_gmt":"2015-04-14T00:05:21","slug":"fm-szijjarto-lue-deve-dare-risposte-rapide-alle-questioni-del-sud-e-del-medio-oriente","status":"publish","type":"post","link":"https:\/\/dailynewshungary.com\/it\/fm-szijjarto-lue-deve-dare-risposte-rapide-alle-questioni-del-sud-e-del-medio-oriente\/","title":{"rendered":"FM Szijjarto: l\u2019UE deve dare risposte rapide alle questioni del Sud e del Medio Oriente"},"content":{"rendered":"<p><strong>Barcellona, 3 aprile (MTI) 1 L&#8217;Unione europea si trover\u00e0 presto ad affrontare una situazione critica in termini di economia, sicurezza e migrazione, a meno che non trovi risposte rapide e ferme alle questioni del Sud e del Medio Oriente, ha affermato il ministro degli Esteri ungherese Peter Szijjarto ha detto luned\u00ec a Barcellona.<\/strong><\/p>\n<p>Intervenendo dopo un incontro dei suoi omologhi nell&#8217;UE e nel Mediterraneo, Szijjarto ha affermato che la situazione in quelle regioni \u00e8 praticamente peggiore di qualsiasi altro momento prima della\u201d. A parte il conflitto israelo-palestinese, la situazione si sta intensificando in Siria e Libia, mentre l\u2019organizzazione terroristica dello Stato Islamico guadagna sempre pi\u00f9 terreno, ha sostenuto.<\/p>\n<p>L&#8217;Europa deve intensificare la lotta contro il terrorismo, rafforzare la cooperazione energetica e imprenditoriale e garantire pi\u00f9 borse di studio per gli studenti di quelle regioni, ha affermato il ministro.<\/p>\n<p>Per quanto riguarda le comunit\u00e0 cristiane a rischio di attacchi terroristici, Szijjarto ha affermato che finora 750.000 cristiani sono fuggiti dalle loro case in Medio Oriente e ha chiesto maggiori sforzi europei per salvare quelle persone.<\/p>\n<p><a href=\"https:\/\/dailynewshungary.com\/wp-content\/uploads\/2015\/04\/szijjarto-eu.jpeg\" data-pswp-width=\"\" data-pswp-height=\"\" data-cropped=\"true\"><img loading=\"lazy\" decoding=\"async\" class=\" size-full wp-image-16241 aligncenter\" src=\"https:\/\/dailynewshungary.com\/wp-content\/uploads\/2015\/04\/szijjarto-eu.jpeg\" alt=\"szijjarto-eu\" width=\"600\" height=\"399\" srcset=\"https:\/\/contentf5.dailynewshungary.com\/wp-content\/uploads\/2015\/04\/szijjarto-eu.jpeg 600w, https:\/\/contentf5.dailynewshungary.com\/wp-content\/uploads\/2015\/04\/szijjarto-eu-300x200.jpeg 300w\" sizes=\"auto, (max-width: 600px) 100vw, 600px\"><\/a><\/p>\n<p>Per quanto riguarda i piani dell&#8217;Ungheria di contribuire con 150 soldati ad una missione internazionale anti-IS, il ministro ha detto che il parlamento discuter\u00e0 la questione marted\u00ec, e che il primo gruppo di comandanti potrebbe partire per l&#8217;Iraq gi\u00e0 nella seconda met\u00e0 di maggio.<\/p>\n<p>In termini di energia, l&#8217;Europa dovrebbe aumentare la cooperazione con paesi come Algeria, Libia o Egitto, che rappresentano il 15 per cento del consumo di gas in Europa, Tali paesi dovrebbero essere assistiti nell&#8217;ulteriore esplorazione dei loro giacimenti di gas, mentre l&#8217;Europa dovrebbe concentrarsi sugli sviluppi infrastrutturali, come le tubazioni del gas o i terminali di gas naturale liquido, coinvolgendo il maggior numero possibile di paesi.<\/p>\n<p>Per quanto riguarda la migrazione, Szijjarto ha affermato che la comunit\u00e0 europea aiuter\u00e0 i paesi di origine con un totale di 15,4 miliardi di euro nei prossimi sette anni. Stabilizzare le economie di quei paesi ridurr\u00e0 la pressione migratoria, ha aggiunto. Ha anche affermato che sarebbero necessari anche accordi di libero scambio con quei paesi e che l\u2019Ungheria proseguir\u00e0 con il suo programma di apertura di case commerciali in altri paesi.<\/p>\n<p><em>Foto: MTI<\/em><\/p>\n","protected":false},"excerpt":{"rendered":"<p>Barcellona, 3 aprile (MTI) 1 L&#8217;Unione europea si trover\u00e0 presto ad affrontare una situazione critica in termini di economia, sicurezza e migrazione, a meno che non trovi risposte rapide e ferme alle questioni del Sud e del Medio Oriente, ha affermato il ministro degli Esteri ungherese Peter Szijjarto ha detto luned\u00ec a Barcellona. Intervenendo dopo [&hellip;]<\/p>\n","protected":false},"author":2,"featured_media":733334,"comment_status":"open","ping_status":"open","sticky":false,"template":"","format":"standard","meta":{"_display_image":"","footnotes":""},"categories":[1185],"tags":[1092,1075],"class_list":["post-733333","post","type-post","status-publish","format-standard","has-post-thumbnail","hentry","category-politica-in-ungheria","tag-ministero-degli-affari-esteri-dellungheria","tag-unione-europea"],"blocksy_meta":[],"author_username":"alk","telegram_post":"","public_post_metadata":{"breaking_news":"","important":"","csempe":"","center_tile":"","disable_thumbnail":"","target_lang":"","_featured_image_style":"","telegram_post":"","_xlat_group_id":""},"public_rank_math_data":{"title":"%titolo% %sep% %nomesito%","description":"","focus_keyword":"","canonical_url":"","robots":"","primary_category":"1185","breadcrumb_title":"","facebook_title":"","facebook_description":"","facebook_image":"","facebook_image_id":"","twitter_title":"","twitter_description":"","twitter_image":"","twitter_image_id":"","twitter_card_type":"","twitter_use_facebook":"","advanced_robots":"","pillar_content":"","seo_score":"","contentai_score":"","rich_snippet":""},"_links":{"self":[{"href":"https:\/\/dailynewshungary.com\/it\/wp-json\/wp\/v2\/posts\/733333","targetHints":{"allow":["GET"]}}],"collection":[{"href":"https:\/\/dailynewshungary.com\/it\/wp-json\/wp\/v2\/posts"}],"about":[{"href":"https:\/\/dailynewshungary.com\/it\/wp-json\/wp\/v2\/types\/post"}],"author":[{"embeddable":true,"href":"https:\/\/dailynewshungary.com\/it\/wp-json\/wp\/v2\/users\/2"}],"replies":[{"embeddable":true,"href":"https:\/\/dailynewshungary.com\/it\/wp-json\/wp\/v2\/comments?post=733333"}],"version-history":[{"count":0,"href":"https:\/\/dailynewshungary.com\/it\/wp-json\/wp\/v2\/posts\/733333\/revisions"}],"wp:featuredmedia":[{"embeddable":true,"href":"https:\/\/dailynewshungary.com\/it\/wp-json\/wp\/v2\/media\/733334"}],"wp:attachment":[{"href":"https:\/\/dailynewshungary.com\/it\/wp-json\/wp\/v2\/media?parent=733333"}],"wp:term":[{"taxonomy":"category","embeddable":true,"href":"https:\/\/dailynewshungary.com\/it\/wp-json\/wp\/v2\/categories?post=733333"},{"taxonomy":"post_tag","embeddable":true,"href":"https:\/\/dailynewshungary.com\/it\/wp-json\/wp\/v2\/tags?post=733333"}],"curies":[{"name":"wp","href":"https:\/\/api.w.org\/{rel}","templated":true}]}}