{"id":733387,"date":"2015-04-10T07:30:56","date_gmt":"2015-04-10T05:30:56","guid":{"rendered":"https:\/\/dailynewshungary.com\/it\/la-primavera-ritorna-con-un-calore-di-20-c\/"},"modified":"2015-04-10T07:30:56","modified_gmt":"2015-04-10T05:30:56","slug":"la-primavera-ritorna-con-un-calore-di-20-c","status":"publish","type":"post","link":"https:\/\/dailynewshungary.com\/it\/la-primavera-ritorna-con-un-calore-di-20-c\/","title":{"rendered":"La primavera ritorna con un calore di 20 \u00b0C"},"content":{"rendered":"<p><strong>Si prevede che la vera primavera possa tornare questo fine settimana, puoi toglierti i cappotti caldi entro sabato, ha detto szeretlekmagyarorszag.hu.<\/strong><\/p>\n<p>Venerd\u00ec e nel fine settimana, si pu\u00f2 prevedere molto sole e un piacevole clima primaverile, non ci si possono aspettare precipitazioni Al mattino, in alcuni punti pu\u00f2 verificarsi gelo, ma \u00e8 possibile misurare circa 20 \u00b0C o oltre 20 \u00b0C in pi\u00f9 aree, ha detto szeretlekmagyarorszag.hu.<\/p>\n<p><strong>Il clima \u00e8 fresco quasi in tutta Europa<\/strong><\/p>\n<p>Il cielo \u00e8 nuvoloso a causa dei cicloni e dei fronti sopra l&#8217;Europa settentrionale, orientale e meridionale, piove in diversi luoghi del sud-est dell&#8217;Europa<\/p>\n<p>C&#8217;\u00e8 un anticiclone sull&#8217;Europa occidentale, quindi ci sono alcune nuvole e pi\u00f9 sole sopra le isole britanniche e la Francia, non ci sono precipitazioni significative Il tempo \u00e8 pi\u00f9 fresco del solito in tutta Europa, la temperatura diurna pi\u00f9 alta pu\u00f2 essere prevista tra 3 e 11 gradi Celsius a nord, 11 e 17 a sud e ovest nel pomeriggio Ad eccezione della penisola iberica, dove si misurano 20-27 \u00b0C.<\/p>\n<p><em>basato sull&#8217;articolo di szeretlekmagyarorszag.hu<br \/>\ntradotto da BA<\/em><\/p>\n<p><em>Foto: Pixabay.com<\/em><\/p>\n","protected":false},"excerpt":{"rendered":"<p>Si prevede che la vera primavera possa tornare questo fine settimana, puoi toglierti i cappotti caldi entro sabato, ha detto szeretlekmagyarorszag.hu. Venerd\u00ec e nel fine settimana, si pu\u00f2 prevedere molto sole e un piacevole clima primaverile, non ci si possono aspettare precipitazioni Al mattino, in alcuni punti pu\u00f2 verificarsi gelo, ma \u00e8 possibile misurare circa [&hellip;]<\/p>\n","protected":false},"author":3,"featured_media":733388,"comment_status":"open","ping_status":"open","sticky":false,"template":"","format":"standard","meta":{"_display_image":"","footnotes":""},"categories":[1207],"tags":[1210],"class_list":["post-733387","post","type-post","status-publish","format-standard","has-post-thumbnail","hentry","category-societa-in-ungheria","tag-meteo"],"blocksy_meta":[],"author_username":"becsi","telegram_post":"","public_post_metadata":{"breaking_news":"","important":"","csempe":"","center_tile":"","disable_thumbnail":"","target_lang":"","_featured_image_style":"","telegram_post":"","_xlat_group_id":""},"public_rank_math_data":{"title":"%titolo% %sep% %nomesito%","description":"","focus_keyword":"","canonical_url":"","robots":"","primary_category":"1207","breadcrumb_title":"","facebook_title":"","facebook_description":"","facebook_image":"","facebook_image_id":"","twitter_title":"","twitter_description":"","twitter_image":"","twitter_image_id":"","twitter_card_type":"","twitter_use_facebook":"","advanced_robots":"","pillar_content":"","seo_score":"","contentai_score":"","rich_snippet":""},"_links":{"self":[{"href":"https:\/\/dailynewshungary.com\/it\/wp-json\/wp\/v2\/posts\/733387","targetHints":{"allow":["GET"]}}],"collection":[{"href":"https:\/\/dailynewshungary.com\/it\/wp-json\/wp\/v2\/posts"}],"about":[{"href":"https:\/\/dailynewshungary.com\/it\/wp-json\/wp\/v2\/types\/post"}],"author":[{"embeddable":true,"href":"https:\/\/dailynewshungary.com\/it\/wp-json\/wp\/v2\/users\/3"}],"replies":[{"embeddable":true,"href":"https:\/\/dailynewshungary.com\/it\/wp-json\/wp\/v2\/comments?post=733387"}],"version-history":[{"count":0,"href":"https:\/\/dailynewshungary.com\/it\/wp-json\/wp\/v2\/posts\/733387\/revisions"}],"wp:featuredmedia":[{"embeddable":true,"href":"https:\/\/dailynewshungary.com\/it\/wp-json\/wp\/v2\/media\/733388"}],"wp:attachment":[{"href":"https:\/\/dailynewshungary.com\/it\/wp-json\/wp\/v2\/media?parent=733387"}],"wp:term":[{"taxonomy":"category","embeddable":true,"href":"https:\/\/dailynewshungary.com\/it\/wp-json\/wp\/v2\/categories?post=733387"},{"taxonomy":"post_tag","embeddable":true,"href":"https:\/\/dailynewshungary.com\/it\/wp-json\/wp\/v2\/tags?post=733387"}],"curies":[{"name":"wp","href":"https:\/\/api.w.org\/{rel}","templated":true}]}}