{"id":733409,"date":"2015-04-08T12:00:48","date_gmt":"2015-04-08T10:00:48","guid":{"rendered":"https:\/\/dailynewshungary.com\/it\/la-mostra-belga-celebra-il-centenario-della-prima-guerra-mondiale-a-szekesfehervar\/"},"modified":"2015-04-08T12:00:48","modified_gmt":"2015-04-08T10:00:48","slug":"la-mostra-belga-celebra-il-centenario-della-prima-guerra-mondiale-a-szekesfehervar","status":"publish","type":"post","link":"https:\/\/dailynewshungary.com\/it\/la-mostra-belga-celebra-il-centenario-della-prima-guerra-mondiale-a-szekesfehervar\/","title":{"rendered":"La mostra belga celebra il centenario della prima guerra mondiale a Szekesfehervar"},"content":{"rendered":"<p><strong>Budapest (MTI) Marted\u00ec \u00e8 stata inaugurata nello Szekesfehervar, nell&#8217;Ungheria centrale, una mostra in occasione del centenario della prima guerra mondiale, organizzata dall&#8217;Istituto belga dei veterani di guerra.<\/strong><\/p>\n<p>L&#8217;ambasciatore belga Johan Indekeu ha detto nel suo discorso di apertura che la mostra si concentra sui terribili sviluppi della guerra mondiale, che hanno cambiato radicalmente la vita delle persone Ha detto che spera che la mostra possa aiutare a comprendere quegli eventi e impedire che si ripetano.<\/p>\n<p>La mostra itinerante \u00e8 stata finora allestita in cinque citt\u00e0 dell&#8217;Ungheria, inclusa Budapest. La prossima esposizione \u00e8 prevista per Lubiana e Bucarest.<\/p>\n<p><em>Foto: <span class=\"_r3\"><span class=\"irc_ho\" dir=\"ltr\">www.minalunk.hu<\/span><\/span><\/em><\/p>\n","protected":false},"excerpt":{"rendered":"<p>Budapest (MTI) Marted\u00ec \u00e8 stata inaugurata nello Szekesfehervar, nell&#8217;Ungheria centrale, una mostra in occasione del centenario della prima guerra mondiale, organizzata dall&#8217;Istituto belga dei veterani di guerra. L&#8217;ambasciatore belga Johan Indekeu ha detto nel suo discorso di apertura che la mostra si concentra sui terribili sviluppi della guerra mondiale, che hanno cambiato radicalmente la vita [&hellip;]<\/p>\n","protected":false},"author":2,"featured_media":733410,"comment_status":"open","ping_status":"open","sticky":false,"template":"","format":"standard","meta":{"_display_image":"","footnotes":""},"categories":[1304],"tags":[1104],"class_list":["post-733409","post","type-post","status-publish","format-standard","has-post-thumbnail","hentry","category-cultura-in-ungheria","tag-mostra"],"blocksy_meta":[],"author_username":"alk","telegram_post":"","public_post_metadata":{"breaking_news":"","important":"","csempe":"","center_tile":"","disable_thumbnail":"","target_lang":"","_featured_image_style":"","telegram_post":"","_xlat_group_id":""},"public_rank_math_data":{"title":"%titolo% %sep% %nomesito%","description":"","focus_keyword":"","canonical_url":"","robots":"","primary_category":"1304","breadcrumb_title":"","facebook_title":"","facebook_description":"","facebook_image":"","facebook_image_id":"","twitter_title":"","twitter_description":"","twitter_image":"","twitter_image_id":"","twitter_card_type":"","twitter_use_facebook":"","advanced_robots":"","pillar_content":"","seo_score":"","contentai_score":"","rich_snippet":""},"_links":{"self":[{"href":"https:\/\/dailynewshungary.com\/it\/wp-json\/wp\/v2\/posts\/733409","targetHints":{"allow":["GET"]}}],"collection":[{"href":"https:\/\/dailynewshungary.com\/it\/wp-json\/wp\/v2\/posts"}],"about":[{"href":"https:\/\/dailynewshungary.com\/it\/wp-json\/wp\/v2\/types\/post"}],"author":[{"embeddable":true,"href":"https:\/\/dailynewshungary.com\/it\/wp-json\/wp\/v2\/users\/2"}],"replies":[{"embeddable":true,"href":"https:\/\/dailynewshungary.com\/it\/wp-json\/wp\/v2\/comments?post=733409"}],"version-history":[{"count":0,"href":"https:\/\/dailynewshungary.com\/it\/wp-json\/wp\/v2\/posts\/733409\/revisions"}],"wp:featuredmedia":[{"embeddable":true,"href":"https:\/\/dailynewshungary.com\/it\/wp-json\/wp\/v2\/media\/733410"}],"wp:attachment":[{"href":"https:\/\/dailynewshungary.com\/it\/wp-json\/wp\/v2\/media?parent=733409"}],"wp:term":[{"taxonomy":"category","embeddable":true,"href":"https:\/\/dailynewshungary.com\/it\/wp-json\/wp\/v2\/categories?post=733409"},{"taxonomy":"post_tag","embeddable":true,"href":"https:\/\/dailynewshungary.com\/it\/wp-json\/wp\/v2\/tags?post=733409"}],"curies":[{"name":"wp","href":"https:\/\/api.w.org\/{rel}","templated":true}]}}