{"id":733421,"date":"2015-04-07T16:00:34","date_gmt":"2015-04-07T14:00:34","guid":{"rendered":"https:\/\/dailynewshungary.com\/it\/oltre-33-000-domande-di-asilo-nel-primo-trimestre\/"},"modified":"2015-04-07T16:00:34","modified_gmt":"2015-04-07T14:00:34","slug":"oltre-33-000-domande-di-asilo-nel-primo-trimestre","status":"publish","type":"post","link":"https:\/\/dailynewshungary.com\/it\/oltre-33-000-domande-di-asilo-nel-primo-trimestre\/","title":{"rendered":"Oltre 33.000 domande di asilo nel primo trimestre"},"content":{"rendered":"<p><strong>Budapest, 7 aprile (MTI) 7 L&#8217;ufficio immigrazione ha ricevuto pi\u00f9 di 33.000 domande di asilo nei primi tre mesi del 2015, ha detto marted\u00ec il direttore generale dell&#8217;ufficio.<\/strong><\/p>\n<p>Un aumento del numero di domande \u00e8 iniziato per la prima volta nel 2013 e la tendenza dovrebbe continuare quest&#8217;anno, ha detto Zsuzsanna Vegh al canale televisivo pubblico M1.<\/p>\n<p>Sulla base di ci\u00f2, ci aspettiamo di affrontare un anno piuttosto difficile, ha detto il\u201d.<\/p>\n<p>Gli immigrati si sono riversati dalle zone di guerra di tutto il mondo in Europa, compresa l&#8217;Ungheria, dove arrivano in media 150-200 persone al giorno, ha affermato Vegh.<\/p>\n<p>Secondo i dati citati dal programma, negli ultimi tre anni il numero delle domande di asilo \u00e8 aumentato di venti volte.<\/p>\n<p>Solo lo scorso anno sono state presentate 42.000 domande, rispetto alle sole 2.000 del 2012.<\/p>\n<p><em>Phoo: Balazs Beli<\/em><\/p>\n","protected":false},"excerpt":{"rendered":"<p>Budapest, 7 aprile (MTI) 7 L&#8217;ufficio immigrazione ha ricevuto pi\u00f9 di 33.000 domande di asilo nei primi tre mesi del 2015, ha detto marted\u00ec il direttore generale dell&#8217;ufficio. Un aumento del numero di domande \u00e8 iniziato per la prima volta nel 2013 e la tendenza dovrebbe continuare quest&#8217;anno, ha detto Zsuzsanna Vegh al canale televisivo [&hellip;]<\/p>\n","protected":false},"author":2,"featured_media":733422,"comment_status":"open","ping_status":"open","sticky":false,"template":"","format":"standard","meta":{"_display_image":"","footnotes":""},"categories":[1207],"tags":[1291],"class_list":["post-733421","post","type-post","status-publish","format-standard","has-post-thumbnail","hentry","category-societa-in-ungheria","tag-migrazione"],"blocksy_meta":[],"author_username":"alk","telegram_post":"","public_post_metadata":{"breaking_news":"","important":"","csempe":"","center_tile":"","disable_thumbnail":"","target_lang":"","_featured_image_style":"","telegram_post":"","_xlat_group_id":""},"public_rank_math_data":{"title":"%titolo% %sep% %nomesito%","description":"","focus_keyword":"","canonical_url":"","robots":"","primary_category":"1207","breadcrumb_title":"","facebook_title":"","facebook_description":"","facebook_image":"","facebook_image_id":"","twitter_title":"","twitter_description":"","twitter_image":"","twitter_image_id":"","twitter_card_type":"","twitter_use_facebook":"","advanced_robots":"","pillar_content":"","seo_score":"","contentai_score":"","rich_snippet":""},"_links":{"self":[{"href":"https:\/\/dailynewshungary.com\/it\/wp-json\/wp\/v2\/posts\/733421","targetHints":{"allow":["GET"]}}],"collection":[{"href":"https:\/\/dailynewshungary.com\/it\/wp-json\/wp\/v2\/posts"}],"about":[{"href":"https:\/\/dailynewshungary.com\/it\/wp-json\/wp\/v2\/types\/post"}],"author":[{"embeddable":true,"href":"https:\/\/dailynewshungary.com\/it\/wp-json\/wp\/v2\/users\/2"}],"replies":[{"embeddable":true,"href":"https:\/\/dailynewshungary.com\/it\/wp-json\/wp\/v2\/comments?post=733421"}],"version-history":[{"count":0,"href":"https:\/\/dailynewshungary.com\/it\/wp-json\/wp\/v2\/posts\/733421\/revisions"}],"wp:featuredmedia":[{"embeddable":true,"href":"https:\/\/dailynewshungary.com\/it\/wp-json\/wp\/v2\/media\/733422"}],"wp:attachment":[{"href":"https:\/\/dailynewshungary.com\/it\/wp-json\/wp\/v2\/media?parent=733421"}],"wp:term":[{"taxonomy":"category","embeddable":true,"href":"https:\/\/dailynewshungary.com\/it\/wp-json\/wp\/v2\/categories?post=733421"},{"taxonomy":"post_tag","embeddable":true,"href":"https:\/\/dailynewshungary.com\/it\/wp-json\/wp\/v2\/tags?post=733421"}],"curies":[{"name":"wp","href":"https:\/\/api.w.org\/{rel}","templated":true}]}}