{"id":733467,"date":"2015-04-04T09:10:59","date_gmt":"2015-04-04T07:10:59","guid":{"rendered":"https:\/\/dailynewshungary.com\/it\/puo-nevicare-anche-a-pasqua-vestitevi-calorosamente-per-il-lungo-weekend\/"},"modified":"2015-04-04T09:10:59","modified_gmt":"2015-04-04T07:10:59","slug":"puo-nevicare-anche-a-pasqua-vestitevi-calorosamente-per-il-lungo-weekend","status":"publish","type":"post","link":"https:\/\/dailynewshungary.com\/it\/puo-nevicare-anche-a-pasqua-vestitevi-calorosamente-per-il-lungo-weekend\/","title":{"rendered":"Pu\u00f2 nevicare anche a Pasqua: vestitevi calorosamente per il lungo weekend"},"content":{"rendered":"<p><strong>Nei giorni che ci aspettano, le temperature possono essere sotto lo zero, ci saranno 13 gradi Celsius anche durante il giorno, ha detto hvg.hu.<\/strong><\/p>\n<p>Sabato, ci saranno alcune nuvole, poi la copertura nuvolosa aumenter\u00e0 gradualmente e si ispessir\u00e0 da sud-ovest nel pomeriggio La pioggia \u00e8 prevista sporadicamente, ci possono essere rovesci di neve in montagna Inizialmente, il vento di nord-ovest sar\u00e0 rafforzamento in pi\u00f9 aree, ma il movimento dell&#8217;aria sar\u00e0 moderato nel pomeriggio Le temperature pi\u00f9 basse saranno +1,-4, la pi\u00f9 alta sar\u00e0 tra 8 e 13.<\/p>\n<p>Domenica, il cielo sar\u00e0 nuvoloso o coperto all&#8217;inizio, poi le nuvole diventeranno chiare e si ridurranno da nord-nordest e il sole uscir\u00e0 per un tempo pi\u00f9 o meno lungo, in montagna ci possono essere sporadicamente pioggia, doccia e neve o doccia di neve Il vento da nord, nord-est sar\u00e0 rafforzato principalmente nel Transdanubio occidentale Le temperature pi\u00f9 basse saranno -2, +3 le pi\u00f9 alte diurne saranno intorno ai 9 e 13.<\/p>\n<p>Il luned\u00ec di Pasqua, ci saranno cumuli di nubi con pi\u00f9 o meno sole, piogge sporadiche, a volte acquazzone di neve Il vento settentrionale, nord-occidentale sar\u00e0 forte, in alcuni punti ci saranno venti tempestosi Le temperature pi\u00f9 basse saranno +1, -4, le pi\u00f9 alte saranno tra i 6 e gli 11 gradi Celsius diurni.<\/p>\n<p><em>basato sull&#8217;articolo di hvg.hu<br \/>\ntradotto da BA<\/em><\/p>\n<p><em>Foto: Pixabay.com<\/em><\/p>\n","protected":false},"excerpt":{"rendered":"<p>Nei giorni che ci aspettano, le temperature possono essere sotto lo zero, ci saranno 13 gradi Celsius anche durante il giorno, ha detto hvg.hu. Sabato, ci saranno alcune nuvole, poi la copertura nuvolosa aumenter\u00e0 gradualmente e si ispessir\u00e0 da sud-ovest nel pomeriggio La pioggia \u00e8 prevista sporadicamente, ci possono essere rovesci di neve in montagna [&hellip;]<\/p>\n","protected":false},"author":3,"featured_media":733468,"comment_status":"open","ping_status":"open","sticky":false,"template":"","format":"standard","meta":{"_display_image":"","footnotes":""},"categories":[1207],"tags":[1210],"class_list":["post-733467","post","type-post","status-publish","format-standard","has-post-thumbnail","hentry","category-societa-in-ungheria","tag-meteo"],"blocksy_meta":[],"author_username":"becsi","telegram_post":"","public_post_metadata":{"breaking_news":"","important":"","csempe":"","center_tile":"","disable_thumbnail":"","target_lang":"","_featured_image_style":"","telegram_post":"","_xlat_group_id":""},"public_rank_math_data":{"title":"%titolo% %sep% %nomesito%","description":"","focus_keyword":"","canonical_url":"","robots":"","primary_category":"1207","breadcrumb_title":"","facebook_title":"","facebook_description":"","facebook_image":"","facebook_image_id":"","twitter_title":"","twitter_description":"","twitter_image":"","twitter_image_id":"","twitter_card_type":"","twitter_use_facebook":"","advanced_robots":"","pillar_content":"","seo_score":"","contentai_score":"","rich_snippet":""},"_links":{"self":[{"href":"https:\/\/dailynewshungary.com\/it\/wp-json\/wp\/v2\/posts\/733467","targetHints":{"allow":["GET"]}}],"collection":[{"href":"https:\/\/dailynewshungary.com\/it\/wp-json\/wp\/v2\/posts"}],"about":[{"href":"https:\/\/dailynewshungary.com\/it\/wp-json\/wp\/v2\/types\/post"}],"author":[{"embeddable":true,"href":"https:\/\/dailynewshungary.com\/it\/wp-json\/wp\/v2\/users\/3"}],"replies":[{"embeddable":true,"href":"https:\/\/dailynewshungary.com\/it\/wp-json\/wp\/v2\/comments?post=733467"}],"version-history":[{"count":0,"href":"https:\/\/dailynewshungary.com\/it\/wp-json\/wp\/v2\/posts\/733467\/revisions"}],"wp:featuredmedia":[{"embeddable":true,"href":"https:\/\/dailynewshungary.com\/it\/wp-json\/wp\/v2\/media\/733468"}],"wp:attachment":[{"href":"https:\/\/dailynewshungary.com\/it\/wp-json\/wp\/v2\/media?parent=733467"}],"wp:term":[{"taxonomy":"category","embeddable":true,"href":"https:\/\/dailynewshungary.com\/it\/wp-json\/wp\/v2\/categories?post=733467"},{"taxonomy":"post_tag","embeddable":true,"href":"https:\/\/dailynewshungary.com\/it\/wp-json\/wp\/v2\/tags?post=733467"}],"curies":[{"name":"wp","href":"https:\/\/api.w.org\/{rel}","templated":true}]}}